{"id":9647,"date":"2021-08-06T04:34:52","date_gmt":"2021-08-06T04:34:52","guid":{"rendered":"https:\/\/www.colombianitos.org\/?p=9647"},"modified":"2021-08-19T17:27:51","modified_gmt":"2021-08-19T17:27:51","slug":"muzo-un-gol-a-la-desercion","status":"publish","type":"post","link":"https:\/\/www.colombianitos.org\/en\/muzo-un-gol-a-la-desercion\/","title":{"rendered":"Muzo - A goal to desertion"},"content":{"rendered":"<body><p>[et_pb_section fb_built=\u201d1\u2033 _builder_version=\u201d4.9.4\u2033 _module_preset=\u201ddefault\u201d custom_padding=\u201d2px|||||\u201d da_disable_devices=\u201doff|off|off\u201d collapsed=\u201doff\u201d da_is_popup=\u201doff\u201d da_exit_intent=\u201doff\u201d da_has_close=\u201don\u201d da_alt_close=\u201doff\u201d da_dark_close=\u201doff\u201d da_not_modal=\u201don\u201d da_is_singular=\u201doff\u201d da_with_loader=\u201doff\u201d da_has_shadow=\u201don\u201d][et_pb_row column_structure=\u201d1_2,1_2\u2033 _builder_version=\u201d4.9.4\u2033 _module_preset=\u201ddefault\u201d custom_margin=\u201d-195px|auto||auto||\u201d custom_padding=\u201d6px||0px|||\u201d][et_pb_column type=\u201d1_2\u2033 _builder_version=\u201d4.9.4\u2033 _module_preset=\u201ddefault\u201d][et_pb_image title_text=\u201dkimberly\u201d _builder_version=\u201d4.9.4\u2033 _module_preset=\u201ddefault\u201d width=\u201d80%\u201d max_width=\u201d80%\u201d custom_margin=\u201d|||-80px||\u201d][\/et_pb_image][\/et_pb_column][et_pb_column type=\u201d1_2\u2033 _builder_version=\u201d4.9.4\u2033 _module_preset=\u201ddefault\u201d][\/et_pb_column][\/et_pb_row][et_pb_row _builder_version=\u201d4.9.4\u2033 _module_preset=\u201ddefault\u201d custom_margin=\u201d-10px|auto||auto||\u201d][et_pb_column type=\u201d4_4\u2033 _builder_version=\u201d4.9.4\u2033 _module_preset=\u201ddefault\u201d][et_pb_text _builder_version=\u201d4.9.4\u2033 _module_preset=\u201ddefault\u201d custom_margin=\u201d3px|||||\u201d]<\/p>\n<p>\u00a0<\/p>\n<p>\u00a0<\/p>\n<p>\u00a0<\/p>\n<p>\u00a0<\/p>\n<p>\u00a0<\/p>\n<p>\u00a0<\/p>\n<p>En compa\u00f1\u00eda de Fundaci\u00f3n Muzo y Fundaci\u00f3n Bol\u00edvar Davivienda, regresamos al municipio de Muzo en Boyac\u00e1, para implementar el proyecto \u2018Un gol a la deserci\u00f3n\u2019 que tiene como meta beneficiar a 220 personas entre ni\u00f1os, ni\u00f1as, j\u00f3venes, padres de familia y docentes.<\/p>\n<p>Con este proyecto implementamos estrategias pedag\u00f3gicas, deportivos y psicosociales en la Instituci\u00f3n Educativa \u2018Concha Medina de Silva\u2019 y sus seis sedes, para promover la permanencia e inclusi\u00f3n escolar como entorno protector.<\/p>\n<p>En la instituci\u00f3n educativa implementamos acciones de formaci\u00f3n y acompa\u00f1amiento con metodolog\u00edas activas y estrategias para promover la permanencia e inclusi\u00f3n escolar, mientras que los beneficiarios del proyecto fortalecen sus competencias socio-emocionales para prevenir factores de riesgo en su desarrollo integral. Entre la poblaci\u00f3n beneficiaria hay ni\u00f1os y ni\u00f1as del colegio seleccionado que cursan desde grado 0 hasta 11 y sus edades oscilan entre 6 y 18 a\u00f1os de edad.<\/p>\n<p>El proyecto contempla entrenamientos deportivos adaptados a las necesidades inclusivas de ni\u00f1os y ni\u00f1as de la zona. La adaptaci\u00f3n de la metodolog\u00eda implementada por Colombianitos permite tener un enfoque inclusivo con ni\u00f1os con discapacidades como autismo, asperger, Down, Rett, D\u00e9ficit Cognitivo, par\u00e1lisis cerebral, ceguera y sordera.<\/p>\n<p>As\u00ed mismo, en el proyecto participan 16 docentes pertenecientes a la instituci\u00f3n educativa en las jornadas de capacitaci\u00f3n y transferencia metodol\u00f3gica.<\/p>\n<p>Tambi\u00e9n, hay espacios de formaci\u00f3n psicosocial para padres de familia y\/o cuidadores de los beneficiarios, para involucrarlos de manera efectiva en los procesos acad\u00e9micos y el proyecto de vida de sus hijos.<\/p>\n<p>La fundaci\u00f3n ya ha desarrollado procesos pedag\u00f3gicos con la instituci\u00f3n educativa en alianza con la fundaci\u00f3n de la miner\u00eda MTC, situaci\u00f3n que favorece la acogida de la comunidad y la oportunidad de continuar con el proceso iniciado desde el 2017.<\/p>\n<p>[\/et_pb_text][\/et_pb_column][\/et_pb_row][\/et_pb_section][et_pb_section fb_built=\u201d1\u2033 _builder_version=\u201d4.9.4\u2033 _module_preset=\u201ddefault\u201d custom_margin=\u201d-37px|||||\u201d custom_padding=\u201d||0px|||\u201d da_disable_devices=\u201doff|off|off\u201d da_is_popup=\u201doff\u201d da_exit_intent=\u201doff\u201d da_has_close=\u201don\u201d da_alt_close=\u201doff\u201d da_dark_close=\u201doff\u201d da_not_modal=\u201don\u201d da_is_singular=\u201doff\u201d da_with_loader=\u201doff\u201d da_has_shadow=\u201don\u201d][et_pb_row _builder_version=\u201d4.9.4\u2033 _module_preset=\u201ddefault\u201d custom_margin=\u201d-46px|auto||auto||\u201d custom_padding=\u201d2px|||||\u201d][et_pb_column type=\u201d4_4\u2033 _builder_version=\u201d4.9.4\u2033 _module_preset=\u201ddefault\u201d][dica_divi_carousel show_items_desktop=\u201d1\u2033 show_items_tablet=\u201d1\u2033 multislide=\u201don\u201d centermode=\u201don\u201d autoplay=\u201don\u201d hoverpause=\u201don\u201d arrow_nav=\u201don\u201d advanced_effect=\u201d1\u2033 _builder_version=\u201d4.9.4\u2033 _module_preset=\u201ddefault\u201d][dica_divi_carouselitem button_url_new_window=\u201d1\u2033 image=\u201dhttps:\/\/www.colombianitos.org\/wp-content\/uploads\/2021\/08\/01.jpeg\u201d _builder_version=\u201d4.9.4\u2033 _module_preset=\u201ddefault\u201d][\/dica_divi_carouselitem][dica_divi_carouselitem button_url_new_window=\u201d1\u2033 image=\u201dhttps:\/\/www.colombianitos.org\/wp-content\/uploads\/2021\/08\/02.jpeg\u201d _builder_version=\u201d4.9.4\u2033 _module_preset=\u201ddefault\u201d][\/dica_divi_carouselitem][dica_divi_carouselitem button_url_new_window=\u201d1\u2033 image=\u201dhttps:\/\/www.colombianitos.org\/wp-content\/uploads\/2021\/08\/07.jpeg\u201d _builder_version=\u201d4.9.4\u2033 _module_preset=\u201ddefault\u201d][\/dica_divi_carouselitem][dica_divi_carouselitem button_url_new_window=\u201d1\u2033 image=\u201dhttps:\/\/www.colombianitos.org\/wp-content\/uploads\/2021\/08\/08.jpeg\u201d _builder_version=\u201d4.9.4\u2033 _module_preset=\u201ddefault\u201d][\/dica_divi_carouselitem][dica_divi_carouselitem button_url_new_window=\u201d1\u2033 image=\u201dhttps:\/\/www.colombianitos.org\/wp-content\/uploads\/2021\/08\/06.jpeg\u201d _builder_version=\u201d4.9.4\u2033 _module_preset=\u201ddefault\u201d][\/dica_divi_carouselitem][dica_divi_carouselitem button_url_new_window=\u201d1\u2033 image=\u201dhttps:\/\/www.colombianitos.org\/wp-content\/uploads\/2021\/08\/04.jpeg\u201d _builder_version=\u201d4.9.4\u2033 _module_preset=\u201ddefault\u201d][\/dica_divi_carouselitem][\/dica_divi_carousel][\/et_pb_column][\/et_pb_row][\/et_pb_section]<\/p>\n<\/body>","protected":false},"excerpt":{"rendered":"<p>&nbsp; &nbsp; &nbsp; &nbsp; &nbsp; &nbsp; En compa\u00f1\u00eda de Fundaci\u00f3n Muzo y Fundaci\u00f3n Bol\u00edvar Davivienda, regresamos al municipio de Muzo en Boyac\u00e1, para implementar el proyecto \u2018Un gol a la deserci\u00f3n\u2019 que tiene como meta beneficiar a 220 personas entre ni\u00f1os, ni\u00f1as, j\u00f3venes, padres de familia y docentes. Con este proyecto implementamos estrategias pedag\u00f3gicas, deportivos [&hellip;]<\/p>","protected":false},"author":4,"featured_media":9650,"comment_status":"open","ping_status":"open","sticky":false,"template":"","format":"standard","meta":{"nf_dc_page":"","_et_pb_use_builder":"on","_et_pb_old_content":"","_et_gb_content_width":"","om_disable_all_campaigns":false,"_monsterinsights_skip_tracking":false,"_monsterinsights_sitenote_active":false,"_monsterinsights_sitenote_note":"","_monsterinsights_sitenote_category":0,"_jetpack_memberships_contains_paid_content":false,"footnotes":""},"categories":[9],"tags":[],"class_list":["post-9647","post","type-post","status-publish","format-standard","has-post-thumbnail","hentry","category-proyectos"],"aioseo_notices":[],"jetpack_featured_media_url":"https:\/\/i0.wp.com\/www.colombianitos.org\/wp-content\/uploads\/2021\/08\/03.jpeg?fit=1280%2C854&ssl=1","jetpack_sharing_enabled":true,"_links":{"self":[{"href":"https:\/\/www.colombianitos.org\/en\/wp-json\/wp\/v2\/posts\/9647","targetHints":{"allow":["GET"]}}],"collection":[{"href":"https:\/\/www.colombianitos.org\/en\/wp-json\/wp\/v2\/posts"}],"about":[{"href":"https:\/\/www.colombianitos.org\/en\/wp-json\/wp\/v2\/types\/post"}],"author":[{"embeddable":true,"href":"https:\/\/www.colombianitos.org\/en\/wp-json\/wp\/v2\/users\/4"}],"replies":[{"embeddable":true,"href":"https:\/\/www.colombianitos.org\/en\/wp-json\/wp\/v2\/comments?post=9647"}],"version-history":[{"count":5,"href":"https:\/\/www.colombianitos.org\/en\/wp-json\/wp\/v2\/posts\/9647\/revisions"}],"predecessor-version":[{"id":9690,"href":"https:\/\/www.colombianitos.org\/en\/wp-json\/wp\/v2\/posts\/9647\/revisions\/9690"}],"wp:featuredmedia":[{"embeddable":true,"href":"https:\/\/www.colombianitos.org\/en\/wp-json\/wp\/v2\/media\/9650"}],"wp:attachment":[{"href":"https:\/\/www.colombianitos.org\/en\/wp-json\/wp\/v2\/media?parent=9647"}],"wp:term":[{"taxonomy":"category","embeddable":true,"href":"https:\/\/www.colombianitos.org\/en\/wp-json\/wp\/v2\/categories?post=9647"},{"taxonomy":"post_tag","embeddable":true,"href":"https:\/\/www.colombianitos.org\/en\/wp-json\/wp\/v2\/tags?post=9647"}],"curies":[{"name":"wp","href":"https:\/\/api.w.org\/{rel}","templated":true}]}}