{"id":9489,"date":"2021-07-01T16:38:47","date_gmt":"2021-07-01T16:38:47","guid":{"rendered":"https:\/\/www.colombianitos.org\/?p=9489"},"modified":"2021-07-10T00:34:13","modified_gmt":"2021-07-10T00:34:13","slug":"reinauguramos-la-violetta-una-biblioteca-comunitaria-en-ciudad-bolivar","status":"publish","type":"post","link":"https:\/\/www.colombianitos.org\/en\/reinauguramos-la-violetta-una-biblioteca-comunitaria-en-ciudad-bolivar\/","title":{"rendered":"We Inaugurated the Ciudad Bol\u00edvar's community library \"La Violetta\" once again"},"content":{"rendered":"<body><p><\/p>[et_pb_section fb_built=\u201d1\u2033 admin_label=\u201dsection\u201d _builder_version=\u201d3.22\u2033 da_disable_devices=\u201doff|off|off\u201d da_is_popup=\u201doff\u201d da_exit_intent=\u201doff\u201d da_has_close=\u201don\u201d da_alt_close=\u201doff\u201d da_dark_close=\u201doff\u201d da_not_modal=\u201don\u201d da_is_singular=\u201doff\u201d da_with_loader=\u201doff\u201d da_has_shadow=\u201don\u201d][et_pb_row admin_label=\u201drow\u201d _builder_version=\u201d3.25\u2033 background_size=\u201dinitial\u201d background_position=\u201dtop_left\u201d background_repeat=\u201drepeat\u201d][et_pb_column type=\u201d4_4\u2033 _builder_version=\u201d3.25\u2033 custom_padding=\u201d|||\u201d custom_padding__hover=\u201d|||\u201d][et_pb_text _builder_version=\u201d4.9.4\u2033 _module_preset=\u201ddefault\u201d hover_enabled=\u201d0\u2033 sticky_enabled=\u201d0\u2033]\n<p>The children of the Para\u00edso neighborhood in Ciudad Bol\u00edvar, now have a newly remodeled library with areas to enjoy and participate in multiple academic, cultural and educational activities.\u00a0<\/p>\n<p>With the support of Diana Correa and DIRECTV, the Colombianitos Foundation we able to inaugurate the library \"La Violetta\" once again, in the heard of Ciudad Bol\u00edvar, now the building has more books, educational tools, paper and other materials that will guarantee the optimum development of activities that take place in each of its programs.\u00a0\u00a0<\/p>\n<p>According to Gladys Sanmiguel, Executive Director of the Colombianitos Foundation, this initiative comes from the organization's promise to keep working for the children of the area, not only in athletic regards, but also, supporting the academic and educational processes.<\/p>\n<p><span data-contrast=\"auto\"><img data-recalc-dims=\"1\" decoding=\"async\" class=\"wp-image-9498 alignnone size-large\" src=\"https:\/\/i0.wp.com\/www.colombianitos.org\/wp-content\/uploads\/2021\/07\/03-bibli.jpeg?resize=1024%2C683&#038;ssl=1\" alt=\"\" width=\"1024\" height=\"683\" loading=\"lazy\" srcset=\"https:\/\/www.colombianitos.org\/wp-content\/uploads\/2021\/07\/03-bibli-1024x683.jpeg 1024w, https:\/\/www.colombianitos.org\/wp-content\/uploads\/2021\/07\/03-bibli-980x654.jpeg 980w, https:\/\/www.colombianitos.org\/wp-content\/uploads\/2021\/07\/03-bibli-480x320.jpeg 480w\" sizes=\"(min-width: 0px) and (max-width: 480px) 480px, (min-width: 481px) and (max-width: 980px) 980px, (min-width: 981px) 1024px, 100vw\" \/><\/span><\/p>\n<p>13 year old Alejandra Roa lives in the area and during the week she assists to the reading club, the crafting and puppets workshops and on Saturday takes English class, for her, having on new materials in the library makes her very happy, since she can learn so many new things in a fun way.\u00a0\u00a0<\/p>\n<p>In the midst of smiles and exited looks, Santiago, a 9 year old colombianito from Ciudad Bol\u00edvar, assures that the library is a very special place to play and study with and with the new arrival of materials he will come more often.\u00a0<\/p>\n<p><span data-contrast=\"auto\">\"La Violetta\" was born in 2012 in the house of Carlos Eduardo Solano Morales, current member of the library, and who was a Colombianitos as a kid, he, along with his wife created an English program and a arts program to strengthen these skills in the children of the neighborhood during their free time. More children began attending these programs and the couple saw themselves force to relocate multiple times in different parts of the area.\u00a0<\/span><span data-ccp-props=\"{&quot;201341983&quot;:0,&quot;335551550&quot;:6,&quot;335551620&quot;:6,&quot;335559739&quot;:160,&quot;335559740&quot;:259}\">\u00a0<\/span><\/p>\n<p><img data-recalc-dims=\"1\" decoding=\"async\" class=\"wp-image-9497 alignnone size-large\" src=\"https:\/\/i0.wp.com\/www.colombianitos.org\/wp-content\/uploads\/2021\/07\/02-Bibli.jpeg?resize=1024%2C683&#038;ssl=1\" alt=\"\" width=\"1024\" height=\"683\" loading=\"lazy\" srcset=\"https:\/\/www.colombianitos.org\/wp-content\/uploads\/2021\/07\/02-Bibli-1024x683.jpeg 1024w, https:\/\/www.colombianitos.org\/wp-content\/uploads\/2021\/07\/02-Bibli-980x654.jpeg 980w, https:\/\/www.colombianitos.org\/wp-content\/uploads\/2021\/07\/02-Bibli-480x320.jpeg 480w\" sizes=\"(min-width: 0px) and (max-width: 480px) 480px, (min-width: 481px) and (max-width: 980px) 980px, (min-width: 981px) 1024px, 100vw\" \/><\/p>\n<p><span data-contrast=\"auto\">In 2015 they received a donation from the Secretary of Culture that allowed for the creation of the communal library. By 2019, the Library will return to its Roots, Carlos and his wife's house, there there will restructure and accommodate spaces for their activities.<\/span><span data-ccp-props=\"{&quot;201341983&quot;:0,&quot;335551550&quot;:6,&quot;335551620&quot;:6,&quot;335559739&quot;:160,&quot;335559740&quot;:259}\">\u00a0<\/span><\/p>\n<p><span data-contrast=\"auto\">Tras el a\u00f1o de pandemia la biblioteca permaneci\u00f3\u00a0cerrada, y\u00a0con una serie de necesidades\u00a0que requer\u00edan ser resueltas para poder reactivar\u00a0sus programas, la Fundaci\u00f3n Colombianitos uni\u00f3 esfuerzos con\u00a0DIRECTV,\u00a0para apoyar la reapertura\u00a0con la entrega de dotaci\u00f3n.\u00a0<\/span><span data-ccp-props=\"{&quot;201341983&quot;:0,&quot;335551550&quot;:6,&quot;335551620&quot;:6,&quot;335559739&quot;:160,&quot;335559740&quot;:259}\">\u00a0<\/span><\/p>\n<p><span data-contrast=\"auto\">\" With the material that we have received we will be able to strengthen the reading activities, the art school and the game area, with traditional and board games\", says Carlos Solano.<\/span><span data-ccp-props=\"{&quot;201341983&quot;:0,&quot;335551550&quot;:6,&quot;335551620&quot;:6,&quot;335559739&quot;:160,&quot;335559740&quot;:259}\">\u00a0<\/span><\/p>\n<p><span data-contrast=\"auto\">Currently 55 kids go to the library in two groups, the \"infantile\" group ranging from 2-7 years of ages, who go on Tuesdays and Wednesdays, and the group of \"prejuveniles\", who go on Thursdays and Fridays, while on Saturdays English classes take place.<\/span><\/p>\n<p>[\/et_pb_text][\/et_pb_column][\/et_pb_row][\/et_pb_section]<\/p>\n<\/body>","protected":false},"excerpt":{"rendered":"<p>Los ni\u00f1os del barrio Para\u00edso en Ciudad Bol\u00edvar,\u00a0ahora cuentan con\u00a0una biblioteca renovada\u00a0y con\u00a0dotaci\u00f3n para disfrutar y participar de las m\u00faltiples actividades acad\u00e9micas, culturales y l\u00fadicas que se realizan en este\u00a0lugar.\u00a0 Con al apoyo\u00a0de Diana Correa y\u00a0DIRECTV, la Fundaci\u00f3n Colombianitos realiz\u00f3 la reinauguraci\u00f3n de la biblioteca \u2018La Violetta\u2019, en\u00a0todo el\u00a0coraz\u00f3n de la\u00a0localidad de Ciudad Bol\u00edvar, ahora [&hellip;]<\/p>","protected":false},"author":4,"featured_media":9500,"comment_status":"open","ping_status":"open","sticky":false,"template":"","format":"standard","meta":{"nf_dc_page":"","_et_pb_use_builder":"on","_et_pb_old_content":"","_et_gb_content_width":"","om_disable_all_campaigns":false,"_monsterinsights_skip_tracking":false,"_monsterinsights_sitenote_active":false,"_monsterinsights_sitenote_note":"","_monsterinsights_sitenote_category":0,"_jetpack_memberships_contains_paid_content":false,"footnotes":""},"categories":[7],"tags":[],"class_list":["post-9489","post","type-post","status-publish","format-standard","has-post-thumbnail","hentry","category-noticias"],"aioseo_notices":[],"jetpack_featured_media_url":"https:\/\/i0.wp.com\/www.colombianitos.org\/wp-content\/uploads\/2021\/07\/01-Bibli.jpeg?fit=1263%2C568&ssl=1","jetpack_sharing_enabled":true,"_links":{"self":[{"href":"https:\/\/www.colombianitos.org\/en\/wp-json\/wp\/v2\/posts\/9489","targetHints":{"allow":["GET"]}}],"collection":[{"href":"https:\/\/www.colombianitos.org\/en\/wp-json\/wp\/v2\/posts"}],"about":[{"href":"https:\/\/www.colombianitos.org\/en\/wp-json\/wp\/v2\/types\/post"}],"author":[{"embeddable":true,"href":"https:\/\/www.colombianitos.org\/en\/wp-json\/wp\/v2\/users\/4"}],"replies":[{"embeddable":true,"href":"https:\/\/www.colombianitos.org\/en\/wp-json\/wp\/v2\/comments?post=9489"}],"version-history":[{"count":4,"href":"https:\/\/www.colombianitos.org\/en\/wp-json\/wp\/v2\/posts\/9489\/revisions"}],"predecessor-version":[{"id":9542,"href":"https:\/\/www.colombianitos.org\/en\/wp-json\/wp\/v2\/posts\/9489\/revisions\/9542"}],"wp:featuredmedia":[{"embeddable":true,"href":"https:\/\/www.colombianitos.org\/en\/wp-json\/wp\/v2\/media\/9500"}],"wp:attachment":[{"href":"https:\/\/www.colombianitos.org\/en\/wp-json\/wp\/v2\/media?parent=9489"}],"wp:term":[{"taxonomy":"category","embeddable":true,"href":"https:\/\/www.colombianitos.org\/en\/wp-json\/wp\/v2\/categories?post=9489"},{"taxonomy":"post_tag","embeddable":true,"href":"https:\/\/www.colombianitos.org\/en\/wp-json\/wp\/v2\/tags?post=9489"}],"curies":[{"name":"wp","href":"https:\/\/api.w.org\/{rel}","templated":true}]}}