{"id":9438,"date":"2021-06-23T17:10:48","date_gmt":"2021-06-23T17:10:48","guid":{"rendered":"https:\/\/www.colombianitos.org\/?p=9438"},"modified":"2022-05-13T21:04:26","modified_gmt":"2022-05-13T21:04:26","slug":"isla-de-providencia-fundacion-bolivar-davivienda","status":"publish","type":"post","link":"https:\/\/www.colombianitos.org\/en\/isla-de-providencia-fundacion-bolivar-davivienda\/","title":{"rendered":"Goles para una vida mejor &#8211; Isla de Providencia"},"content":{"rendered":"<body><p>[et_pb_section fb_built=\u201d1\u2033 _builder_version=\u201d4.9.4\u2033 _module_preset=\u201ddefault\u201d background_image=\u201dhttps:\/\/www.colombianitos.org\/wp-content\/uploads\/2021\/04\/Fondo-dos-caritas-aarriba-07.png\u201d background_position=\u201dtop_right\u201d custom_padding=\u201d2px|||||\u201d da_disable_devices=\u201doff|off|off\u201d collapsed=\u201doff\u201d da_is_popup=\u201doff\u201d da_exit_intent=\u201doff\u201d da_has_close=\u201don\u201d da_alt_close=\u201doff\u201d da_dark_close=\u201doff\u201d da_not_modal=\u201don\u201d da_is_singular=\u201doff\u201d da_with_loader=\u201doff\u201d da_has_shadow=\u201don\u201d][et_pb_row column_structure=\u201d1_2,1_2\u2033 _builder_version=\u201d4.9.4\u2033 _module_preset=\u201ddefault\u201d custom_margin=\u201d-195px|auto||auto||\u201d custom_padding=\u201d6px||0px|||\u201d][et_pb_column type=\u201d1_2\u2033 _builder_version=\u201d4.9.4\u2033 _module_preset=\u201ddefault\u201d][et_pb_image src=\u201dhttps:\/\/www.colombianitos.org\/wp-content\/uploads\/2021\/06\/Fundacion_Bolivar_davivienda-PNG.png\u201d title_text=\u201dFundacion_Bolivar_davivienda PNG\u201d align=\u201dcenter\u201d _builder_version=\u201d4.9.4\u2033 _module_preset=\u201ddefault\u201d background_color=\u201d#FFFFFF\u201d width=\u201d80%\u201d max_width=\u201d80%\u201d custom_margin=\u201d|||-80px||\u201d custom_padding=\u201d71px|50px|101px|50px|false|false\u201d][\/et_pb_image][\/et_pb_column][et_pb_column type=\u201d1_2\u2033 _builder_version=\u201d4.9.4\u2033 _module_preset=\u201ddefault\u201d][\/et_pb_column][\/et_pb_row][et_pb_row _builder_version=\u201d4.9.4\u2033 _module_preset=\u201ddefault\u201d custom_margin=\u201d-10px|auto||auto||\u201d][et_pb_column type=\u201d4_4\u2033 _builder_version=\u201d4.9.4\u2033 _module_preset=\u201ddefault\u201d][et_pb_text _builder_version=\u201d4.9.4\u2033 _module_preset=\u201ddefault\u201d custom_margin=\u201d3px|||||\u201d]<\/p>\n<p><span data-contrast=\"auto\">Hand in hand with the Fundaci\u00f3n Bol\u00edvar Davivienda we arrived at the Providencia island to benefit 200 students, 100 parents and 10 teachers from the Instituci\u00f3n Educativa\nConcentraci\u00f3n Sim\u00f3n Bol\u00edvar.<\/span><span data-ccp-props=\"{&quot;201341983&quot;:0,&quot;335551550&quot;:6,&quot;335551620&quot;:6,&quot;335559739&quot;:160,&quot;335559740&quot;:259}\">\u00a0<\/span><\/p>\n<p><span data-contrast=\"auto\">With the educational community, we implemented the Coexistence and Peace curriculum in boys and girls from the first grade until the fifth grade in primary school, based on three components: sports, psychosocial, and pedagogical.\u00a0<\/span><span data-ccp-props=\"{&quot;201341983&quot;:0,&quot;335551550&quot;:6,&quot;335551620&quot;:6,&quot;335559739&quot;:160,&quot;335559740&quot;:259}\">\u00a0<\/span><\/p>\n<p><span data-contrast=\"auto\">In the sports component, we carry out weekly training in the physical education class for\nboys and girls in the Institution, we delivered soccer sports kits and a closing championship\nfor the participants.<\/span><span data-ccp-props=\"{&quot;201341983&quot;:0,&quot;335551550&quot;:6,&quot;335551620&quot;:6,&quot;335559739&quot;:160,&quot;335559740&quot;:259}\">\u00a0<\/span><\/p>\n<p class=\"translation-block\">In the psychosocial component, we do workshops with parents and virtual sessions that\ninvolve citizenship competitions to strengthen the strategy that allows the development of\nskills within the home (including communication, management of emotions, empathy,\ninterpersonal relationships), which promote strategies for a loving upbringing.<\/p>\n<p><span data-contrast=\"auto\">Meanwhile, in the pedagogical component, virtual sessions about methodological induction\nand transfer are carried out through training and updating spaces with the teaching team in\ncharge of the implementation of the \u201cJuguemos por la Paz\u201d (let\u2019s play for peace) method.<\/span><span data-ccp-props=\"{&quot;201341983&quot;:0,&quot;335551550&quot;:6,&quot;335551620&quot;:6,&quot;335559739&quot;:160,&quot;335559740&quot;:259}\">\u00a0<\/span><\/p>\n<p>[\/et_pb_text][\/et_pb_column][\/et_pb_row][\/et_pb_section][et_pb_section fb_built=\u201d1\u2033 _builder_version=\u201d4.9.4\u2033 _module_preset=\u201ddefault\u201d custom_margin=\u201d-37px|||||\u201d custom_padding=\u201d||0px|||\u201d da_disable_devices=\u201doff|off|off\u201d da_is_popup=\u201doff\u201d da_exit_intent=\u201doff\u201d da_has_close=\u201don\u201d da_alt_close=\u201doff\u201d da_dark_close=\u201doff\u201d da_not_modal=\u201don\u201d da_is_singular=\u201doff\u201d da_with_loader=\u201doff\u201d da_has_shadow=\u201don\u201d][et_pb_row _builder_version=\u201d4.9.4\u2033 _module_preset=\u201ddefault\u201d custom_margin=\u201d-46px|auto||auto||\u201d custom_padding=\u201d2px|||||\u201d][et_pb_column type=\u201d4_4\u2033 _builder_version=\u201d4.9.4\u2033 _module_preset=\u201ddefault\u201d][dica_divi_carousel show_items_desktop=\u201d1\u2033 show_items_tablet=\u201d1\u2033 multislide=\u201don\u201d centermode=\u201don\u201d autoplay=\u201don\u201d hoverpause=\u201don\u201d arrow_nav=\u201don\u201d advanced_effect=\u201d1\u2033 _builder_version=\u201d4.9.4\u2033 _module_preset=\u201ddefault\u201d][dica_divi_carouselitem button_url_new_window=\u201d1\u2033 image=\u201dhttps:\/\/www.colombianitos.org\/wp-content\/uploads\/2021\/06\/WhatsApp-Image-2022-05-13-at-3.27.02-PM-3.jpeg\u201d _builder_version=\u201d4.9.4\u2033 _module_preset=\u201ddefault\u201d][\/dica_divi_carouselitem][dica_divi_carouselitem button_url_new_window=\u201d1\u2033 image=\u201dhttps:\/\/www.colombianitos.org\/wp-content\/uploads\/2021\/06\/WhatsApp-Image-2022-05-13-at-3.06.52-PM.jpeg\u201d _builder_version=\u201d4.9.4\u2033 _module_preset=\u201ddefault\u201d][\/dica_divi_carouselitem][dica_divi_carouselitem button_url_new_window=\u201d1\u2033 image=\u201dhttps:\/\/www.colombianitos.org\/wp-content\/uploads\/2021\/06\/WhatsApp-Image-2022-05-13-at-4.00.22-PM.jpeg\u201d _builder_version=\u201d4.9.4\u2033 _module_preset=\u201ddefault\u201d][\/dica_divi_carouselitem][dica_divi_carouselitem button_url_new_window=\u201d1\u2033 image=\u201dhttps:\/\/www.colombianitos.org\/wp-content\/uploads\/2021\/06\/WhatsApp-Image-2022-05-13-at-4.01.45-PM.jpeg\u201d _builder_version=\u201d4.9.4\u2033 _module_preset=\u201ddefault\u201d][\/dica_divi_carouselitem][\/dica_divi_carousel][\/et_pb_column][\/et_pb_row][\/et_pb_section][et_pb_section fb_built=\u201d1\u2033 _builder_version=\u201d4.9.4\u2033 _module_preset=\u201ddefault\u201d da_disable_devices=\u201doff|off|off\u201d da_is_popup=\u201doff\u201d da_exit_intent=\u201doff\u201d da_has_close=\u201don\u201d da_alt_close=\u201doff\u201d da_dark_close=\u201doff\u201d da_not_modal=\u201don\u201d da_is_singular=\u201doff\u201d da_with_loader=\u201doff\u201d da_has_shadow=\u201don\u201d][et_pb_row _builder_version=\u201d4.9.4\u2033 _module_preset=\u201ddefault\u201d][et_pb_column type=\u201d4_4\u2033 _builder_version=\u201d4.9.4\u2033 _module_preset=\u201ddefault\u201d][et_pb_image title_text=\u201d03 Prov\u201d _builder_version=\u201d4.9.4\u2033 _module_preset=\u201ddefault\u201d][\/et_pb_image][\/et_pb_column][\/et_pb_row][\/et_pb_section]<\/p>\n<\/body>","protected":false},"excerpt":{"rendered":"<p>De la mano con la Fundaci\u00f3n Bol\u00edvar Davivienda llegamos a la isla de Providencia para beneficiar a 200 estudiantes, 100 padres de familia y 10 docentes de la\u00a0Instituci\u00f3n\u00a0Educativa Concentraci\u00f3n Sim\u00f3n Bol\u00edvar.\u00a0 Con\u00a0la comunidad educativa\u00a0hacemos la\u00a0implementaci\u00f3n del curr\u00edculo de Convivencia y\u00a0Paz en ni\u00f1os y ni\u00f1as desde grado transici\u00f3n hasta quinto de primaria,\u00a0fundamentado en tres componentes: deportivo, [&hellip;]<\/p>","protected":false},"author":4,"featured_media":11125,"comment_status":"open","ping_status":"open","sticky":false,"template":"","format":"standard","meta":{"nf_dc_page":"","_et_pb_use_builder":"on","_et_pb_old_content":"","_et_gb_content_width":"","om_disable_all_campaigns":false,"_monsterinsights_skip_tracking":false,"_monsterinsights_sitenote_active":false,"_monsterinsights_sitenote_note":"","_monsterinsights_sitenote_category":0,"_jetpack_memberships_contains_paid_content":false,"footnotes":""},"categories":[9],"tags":[],"class_list":["post-9438","post","type-post","status-publish","format-standard","has-post-thumbnail","hentry","category-proyectos"],"aioseo_notices":[],"jetpack_featured_media_url":"https:\/\/i0.wp.com\/www.colombianitos.org\/wp-content\/uploads\/2021\/06\/WhatsApp-Image-2022-05-13-at-3.57.45-PM.jpeg?fit=1024%2C768&ssl=1","jetpack_sharing_enabled":true,"_links":{"self":[{"href":"https:\/\/www.colombianitos.org\/en\/wp-json\/wp\/v2\/posts\/9438","targetHints":{"allow":["GET"]}}],"collection":[{"href":"https:\/\/www.colombianitos.org\/en\/wp-json\/wp\/v2\/posts"}],"about":[{"href":"https:\/\/www.colombianitos.org\/en\/wp-json\/wp\/v2\/types\/post"}],"author":[{"embeddable":true,"href":"https:\/\/www.colombianitos.org\/en\/wp-json\/wp\/v2\/users\/4"}],"replies":[{"embeddable":true,"href":"https:\/\/www.colombianitos.org\/en\/wp-json\/wp\/v2\/comments?post=9438"}],"version-history":[{"count":5,"href":"https:\/\/www.colombianitos.org\/en\/wp-json\/wp\/v2\/posts\/9438\/revisions"}],"predecessor-version":[{"id":11128,"href":"https:\/\/www.colombianitos.org\/en\/wp-json\/wp\/v2\/posts\/9438\/revisions\/11128"}],"wp:featuredmedia":[{"embeddable":true,"href":"https:\/\/www.colombianitos.org\/en\/wp-json\/wp\/v2\/media\/11125"}],"wp:attachment":[{"href":"https:\/\/www.colombianitos.org\/en\/wp-json\/wp\/v2\/media?parent=9438"}],"wp:term":[{"taxonomy":"category","embeddable":true,"href":"https:\/\/www.colombianitos.org\/en\/wp-json\/wp\/v2\/categories?post=9438"},{"taxonomy":"post_tag","embeddable":true,"href":"https:\/\/www.colombianitos.org\/en\/wp-json\/wp\/v2\/tags?post=9438"}],"curies":[{"name":"wp","href":"https:\/\/api.w.org\/{rel}","templated":true}]}}