{"id":8025,"date":"2021-04-27T23:10:18","date_gmt":"2021-04-27T23:10:18","guid":{"rendered":"https:\/\/colombianitos.org\/?p=8025"},"modified":"2021-05-06T06:29:33","modified_gmt":"2021-05-06T06:29:33","slug":"estamos-dejando-huella-en-nuestro-planeta-una-jugada-de-colombianitos-por-el-medio-ambiente","status":"publish","type":"post","link":"https:\/\/www.colombianitos.org\/en\/estamos-dejando-huella-en-nuestro-planeta-una-jugada-de-colombianitos-por-el-medio-ambiente\/","title":{"rendered":"We are leaving a mark on our planet: a Colombianitos play for the environment"},"content":{"rendered":"<body>[et_pb_section fb_built=\u201d1\u2033 _builder_version=\u201d3.22\u2033][et_pb_row _builder_version=\u201d3.25\u2033 background_size=\u201dinitial\u201d background_position=\u201dtop_left\u201d background_repeat=\u201drepeat\u201d][et_pb_column type=\u201d4_4\u2033 _builder_version=\u201d3.25\u2033 custom_padding=\u201d|||\u201d custom_padding__hover=\u201d|||\u201d][et_pb_text _builder_version=\u201d3.27.4\u2033 background_size=\u201dinitial\u201d background_position=\u201dtop_left\u201d background_repeat=\u201drepeat\u201d]\n<p>During a virtual event the Colombianitos Foundation presented its new curriculum <strong>\u201c<\/strong><strong>\"Estamos dejando huella en nuestro planeta\",<\/strong> whose objective is to teach boys and girls on environmental sustainability and quality of life, elaborating in 2020 with the help of UNESCO. \u00a0<\/p>\n\n\n<p>During two hours, more than 800 people connected virtually and partook in seven experiences of different sectors to practice the protection of the environment. With representatives from UNESCO, Parques Naturales Nacionales de Colombia, Ej\u00e9rcito Nacional, Kimberly Clarck company, a child environmental activist and the Colombianitos Foundation coordinator who lead the construction process of the curriculum.<\/p>\n\n\n<p>The idea for this project surged in the Colombianitos Foundation with the mission to contribute to the formation of boys, girls and young adults in environmental sustainability and quality of life, demonstrating the need for society to have an environmental conscience that transcends and demonstrates itself in daily actions, as much in individuals as in groups.<\/p>\n\n\n<p>For Gladys Sanmiguel, Executive Director of the Colombianitos Foundation, this curriculum looks to form sustainable practices in communities through sensibilization, appropriation and experiences inside the education to contribute to the development of sustainability and world citizenship, with the end goal to promote leadership action and the creation of an environmental conscience.<\/p>\n\n\n<p>Furthermore, she emphasized that all of the activities in the curriculum have an inspirational aspect in which the participants can demonstrate healthy and sustainable actions in different parts of the world.<\/p>\n\n\n<p><strong>Construction of the Curriculum<\/strong><\/p>\n\n\n<p>Diana Toledo, coordinator of the curriculum in environmental sustainability and quality of life of Colombianitos, explained that the idea of the project started as early as 2019, when actions on sustainable consumption were being generated in educated communities, promoting respect for natural resources through reuse and recycling practices.<\/p>\n\n\n<p>But in 2020, on par with activities that reinforced self care habits in students and families due to the pandemic, like hand washing, wearing masks and social distancing, the structure of the curriculum was started with the help of UNESCO, using the methodology \"Juguemos for la Paz\" (Let's play for peace), with activities that contain an educational aspect that allows for development in a fun way.<\/p>\n\n\n<p>\" The support of UNESCO was very valuable during the whole process of creating the curriculum, thanks to all their experience and recognition as leaders in education for the sustainable development and education, the result is satisfactory\", signaled Toledo.<\/p>\n\n\n<figure class=\"wp-block-image size-large\"><img data-recalc-dims=\"1\" height=\"555\" width=\"1024\" decoding=\"async\" src=\"https:\/\/i0.wp.com\/box2392.temp.domains\/~colombt6-content\/uploads\/2021\/04\/Ez6JImzXIAYbRdo-1024x555.jpg?resize=1024%2C555\" alt=\"\" class=\"wp-image-8031\" loading=\"lazy\"><\/figure>\n\n\n<p>The curriculum <strong>\u201c<\/strong><strong>\"Estamos dejando huella en nuestro planeta\", <\/strong>(We are leaving a mark on our planet) is designed to create education institutions in general communities, made up of 20 activities that allow for the explorations of themes such as: economic circularity, habits for a healthy life and sustainability. The components of the curriculum also allowed for the creation of field activities such as  the creation of patches, recognition of the territory, evaluation of local and global environmental problems.<\/p>\n\n\n<p>En el a\u00f1o 2020, mientras se elaboraba el curr\u00edculo, varios de sus componentes fueron aplicados en seis instituciones educativas, beneficiado a 1.000 estudiantes y 36 docentes en tres municipios:\u00a0 Barbosa, Antioquia, Puerto Tejada, Cauca y Tocancip\u00e1, Cundinamarca, generando acciones de consumo sostenible que promueven el respeto por los recursos naturales.<\/p>\n\n\n<p><strong>Other experiences in environmental sustainability<\/strong><\/p>\n\n\n<p>During the webinar \"Jugamos distinto for el media ambience\" (We play differently for the environment) we met other experiences who had as an objective to bring environmental sustainability from different sectors.<\/p>\n\n\n<p>These are some of the more prominent additions of each intercession:<\/p>\n\n\n<p>Francisco Vera, an 11 year old boy, is an Ambassador of Buena Voluntad de la Uni\u00f3n Europea in Colombia, he considers himself an activist in the defense of life and the environment.<\/p>\n\n\n<p>For Francisco, \"Sustainability and life are integral  themes, that do not only make reference to the environment but development as a whole\".<\/p>\n\n\n<p>He celebrates this type of alliance between institutions like UNESCO and the Colombianitos Foundation that looks to unite forces in order to create tools that forms and educate environmental sustainability.<\/p>\n\n\n<p>This activist considers it important to take action every day, in every sector, activities that generate environmental conscience in citizenship and for this education is fundamental, an indispensable tool. \u00a0<\/p>\n\n\n<p>UNESCO participated with two representatives, Romina Kasman, UNESCO's specialist of the Regional Office and Education program in Latin Am\u00e9rica and Caribbean, and Cristian Bravo, UNESCO's specialist in education in Santiago de Chile.\u00a0<\/p>\n\n\n<p>For Romina, education has the power to change the world and in actuality there is a focus directed in sustainable development. She assured that UNESCO sound on projects and that all the students need practical theories and teachings in order to promote sustainable development through education.<\/p>\n\n\n<p>Cristian Bravo, emphasized that global citizenship is a strategic area for UNESCO, additionally, he says that society needs to learn quickly how to live differently \" changing what we know, in what we believe and what we do\".<\/p>\n\n\n<figure class=\"wp-block-image size-large\"><img data-recalc-dims=\"1\" height=\"580\" width=\"1024\" decoding=\"async\" src=\"https:\/\/i0.wp.com\/box2392.temp.domains\/~colombt6-content\/uploads\/2021\/04\/Ez6LtEgWYAIkr9m-1024x580.jpg?resize=1024%2C580\" alt=\"\" class=\"wp-image-8029\" loading=\"lazy\"><\/figure>\n\n\n<p>Carolina Jarro, deputy director of management in Protected National Parks of Colombia, emphasize in her participation that 2 years ago the National government and the institution, through agreements, were able to complete the goal of biological diversity protecting 13.80% of our costal marine territory.<\/p>\n\n\n<p>In addition to working in rural areas in which the indications of vulnerability are higher, in order to improve the quality of life through alliances, that benefit the populations that live around the parks.<\/p>\n\n\n<p>Other participants included Colonel Juan Carlos Vanegas, Director of Territorial Control of the National Army Operations, who spoke about strategies that the military is implementing to protect natural resources.<\/p>\n\n\n<p>Thanks to the \"Artemisa\" operations since 2019, complete recovery has been achieved for 10,734 hectares  that had been affected by deforestation and environmental crimes.<\/p>\n\n\n<p>\u201cSe est\u00e1 trabajando permanentemente en la recuperaci\u00f3n del medio ambiente con siembra de \u00e1rboles nativos, frailejones, recolecci\u00f3n de residuos, entre otras acciones de cuidado por el medio ambiente con m\u00e1s de 1.700 soldados formados y educados para este fin\u201d, afirm\u00f3 el Coronel Juan Carlos Vanegas.<\/p>\n\n\n<p>In the industrial sector was, Natalia Augier, leader of the Communications team at Kimberly Clark Latinoam\u00e9rica Norte, she emphasized the importance of alliances like the one developed at Kimberly Clark and the Colombianitos Foundation, that during 16 Yeats had worked together to support communities of different areas of the country in a variety of focuses, in the protection of the environment and making the most out of the general resources.\u00a0<\/p>\n\n\n<p>They emphasized the work that had been the center in the municipalities of Barbosa (Antioquia), Puerto Tejada (Cauca) and Tocancip\u00e1 (Cundinamarce), where in the last few years recycling activities have been implemented in educational spaces involving, teachesr, students, directors and parents.<\/p>\n\n\n<p>With the curriculum <strong>\u201cEstamos dejando huella en nuestro planeta\u201d (We are leaving a mark on our planet)<\/strong> The Colombianitos Foundation reinforces their promise in: the formation of boys and girls' commitment to environmental sustainability, development of investigational skills, leadership and citizenship that promote critical and creative thinking, communication and reflection in communities. <\/p>\n\n\n<p><strong>Reviva el webinar \u2018Jugamos distinto por el medio ambiente\u2019.<\/strong><\/p>\n\n\n<figure class=\"wp-block-embed-youtube wp-block-embed is-type-video is-provider-youtube wp-embed-aspect-16-9 wp-has-aspect-ratio\"><div class=\"wp-block-embed__wrapper\">\n<iframe loading=\"lazy\" title=\"Webinar: Jugamos distinto por el medio ambiente\" width=\"1080\" height=\"608\" src=\"https:\/\/www.youtube.com\/embed\/U0opeWdAXzs?feature=oembed\" allow=\"accelerometer; autoplay; clipboard-write; encrypted-media; gyroscope; picture-in-picture\" allowfullscreen><\/iframe>\n<\/div><\/figure>\n[\/et_pb_text][\/et_pb_column][\/et_pb_row][\/et_pb_section]<\/body>","protected":false},"excerpt":{"rendered":"<p>En un encuentro virtual la Fundaci\u00f3n Colombianitos present\u00f3 su nuevo curr\u00edculo \u201cEstamos dejando huella en nuestro planeta\u201d, que tiene como objetivo aportar en la formaci\u00f3n de ni\u00f1os y ni\u00f1as en sostenibilidad ambiental y calidad de vida, elaborado en el a\u00f1o 2020 con apoyo de la UNESCO. &nbsp; Durante dos horas, m\u00e1s de 800 personas conectadas [&hellip;]<\/p>","protected":false},"author":4,"featured_media":8243,"comment_status":"closed","ping_status":"open","sticky":false,"template":"","format":"standard","meta":{"nf_dc_page":"","_et_pb_use_builder":"on","_et_pb_old_content":"<!-- wp:paragraph -->\r\n<p>En un encuentro virtual la Fundaci\u00f3n Colombianitos present\u00f3 su nuevo curr\u00edculo <strong>\u201c<\/strong><strong>Estamos dejando huella en nuestro planeta\u201d,<\/strong> que tiene como objetivo aportar en la formaci\u00f3n de ni\u00f1os y ni\u00f1as en sostenibilidad ambiental y calidad de vida, elaborado en el a\u00f1o 2020 con apoyo de la UNESCO. \u00a0<\/p>\r\n<!-- \/wp:paragraph -->\r\n<!-- wp:paragraph -->\r\n<p>Durante dos horas, m\u00e1s de 800 personas conectadas virtualmente disfrutaron de siete experiencias de distintos sectores en torno al cuidado del medio ambiente, con representantes de organizaciones e instituciones como la UNESCO, Parques Naturales Nacionales de Colombia, Ej\u00e9rcito Nacional, la empresa Kimberly Clarck, un ni\u00f1o activista por el medio ambiente y la coordinadora de la Fundaci\u00f3n Colombianitos, quien lider\u00f3 el proceso de construcci\u00f3n del curr\u00edculo.<\/p>\r\n<!-- \/wp:paragraph -->\r\n<!-- wp:paragraph -->\r\n<p>La idea de este proyecto surgi\u00f3 dentro de la Fundaci\u00f3n Colombianitos con el objetivo de contribuir a la formaci\u00f3n de ni\u00f1os, ni\u00f1as y j\u00f3venes en sostenibilidad ambiental y calidad de vida, evidenciando la necesidad que tiene la sociedad de una conciencia ambiental que logre transcender y evidenciarse en acciones diarias, tanto individuales como colectivas.<\/p>\r\n<!-- \/wp:paragraph -->\r\n<!-- wp:paragraph -->\r\n<p>Para Gladys Sanmiguel, Directora Ejecutiva de la Fundaci\u00f3n Colombianitos, con este curr\u00edculo se busca formar a las comunidades en sostenibilidad ambiental por medio de la sensibilizaci\u00f3n, apropiaci\u00f3n y encuentro de experiencias dentro del marco de la educaci\u00f3n para el desarrollo sostenible y la ciudadan\u00eda mundial, con el fin de promover acciones de liderazgo para la creaci\u00f3n de una conciencia ambiental.<\/p>\r\n<!-- \/wp:paragraph -->\r\n<!-- wp:paragraph -->\r\n<p>Adem\u00e1s, resalt\u00f3 que cada una de las actividades que comprende el curr\u00edculo tiene un aspecto inspiracional donde los participantes pueden evidenciar acciones saludables y sostenibles en otros lugares del mundo.<\/p>\r\n<!-- \/wp:paragraph -->\r\n<!-- wp:paragraph -->\r\n<p><strong>Construcci\u00f3n del curr\u00edculo<\/strong><\/p>\r\n<!-- \/wp:paragraph -->\r\n<!-- wp:paragraph -->\r\n<p>Diana Toledo, coordinadora del curr\u00edculo en sostenibilidad ambiental y calidad de vida de Colombianitos, explic\u00f3 que la idea del proyecto inici\u00f3 desde el 2019, cuando se generaron acciones de consumo sostenible en comunidades educativas, promoviendo el respeto por los recursos naturales a trav\u00e9s de acciones de reciclaje y reutilizaci\u00f3n de residuos.<\/p>\r\n<!-- \/wp:paragraph -->\r\n<!-- wp:paragraph -->\r\n<p>Pero fue en el a\u00f1o 2020, a la par de actividades para reforzar h\u00e1bitos de autocuidado en estudiantes y familias por la situaci\u00f3n de pandemia, como el lavado de manos, el uso de tapabocas y el distanciamiento social, cuando se dio inicio a la estructuraci\u00f3n del curr\u00edculo en colaboraci\u00f3n con la UNESCO, utilizando la metodolog\u00eda \u2018Juguemos por la Paz\u2019, con actividades que tienen un componente l\u00fadico \u2013 pedag\u00f3gico que permite desarrollarlo de forma divertida.<\/p>\r\n<!-- \/wp:paragraph -->\r\n<!-- wp:paragraph -->\r\n<p>\u201cEl apoyo de la UNESCO fue valioso durante todo el proceso de creaci\u00f3n del curr\u00edculo, gracias a su experiencia y reconocimiento como l\u00edderes en educaci\u00f3n para el desarrollo sostenible y Educaci\u00f3n, el resultado es satisfactorio\u201d, se\u00f1al\u00f3 Toledo.<\/p>\r\n<!-- \/wp:paragraph -->\r\n<!-- wp:image {\"id\":8031,\"sizeSlug\":\"large\"} -->\r\n<figure class=\"wp-block-image size-large\"><img src=\"http:\/\/box2392.temp.domains\/~colombt6-content\/uploads\/2021\/04\/Ez6JImzXIAYbRdo-1024x555.jpg\" alt=\"\" class=\"wp-image-8031\"\/><\/figure>\r\n<!-- \/wp:image -->\r\n<!-- wp:paragraph -->\r\n<p>El curr\u00edculo <strong>\u201c<\/strong><strong>Estamos dejando huella en nuestro planeta\u201d, <\/strong>est\u00e1 dise\u00f1ado para realizarlo en instituciones educativas y en comunidades en generales, cuenta con 20 actividades que permiten abordar tem\u00e1ticas como: econom\u00eda circular, h\u00e1bitos de vida saludables y sostenibles. Los componentes del curr\u00edculo tambi\u00e9n permiten realizar actividades de campo como senderismo y creaci\u00f3n de huertas, apropiaci\u00f3n y reconocimiento del territorio, evaluar problem\u00e1ticas ambientales locales y globales.<\/p>\r\n<!-- \/wp:paragraph -->\r\n<!-- wp:paragraph -->\r\n<p>En el a\u00f1o 2020, mientras se elaboraba el curr\u00edculo, varios de sus componentes fueron aplicados en seis instituciones educativas, beneficiado a 1.000 estudiantes y 36 docentes en tres municipios:\u00a0 Barbosa, Antioquia, Puerto Tejada, Cauca y Tocancip\u00e1, Cundinamarca, generando acciones de consumo sostenible que promueven el respeto por los recursos naturales.<\/p>\r\n<!-- \/wp:paragraph -->\r\n<!-- wp:paragraph -->\r\n<p><strong>Otras experiencias en sostenibilidad ambiental<\/strong><\/p>\r\n<!-- \/wp:paragraph -->\r\n<!-- wp:paragraph -->\r\n<p>En el webinar \u201cJugamos distinto por el medio ambiente\u201d conocimos otras experiencias que tienen como objetivo aportar a la sostenibilidad ambiental desde distintos sectores.<\/p>\r\n<!-- \/wp:paragraph -->\r\n<!-- wp:paragraph -->\r\n<p>Estos son algunos de los aportes m\u00e1s destacados de cada intervenci\u00f3n:<\/p>\r\n<!-- \/wp:paragraph -->\r\n<!-- wp:paragraph -->\r\n<p>Francisco Vera, es un ni\u00f1o de 11 a\u00f1os, es Embajador de Buena Voluntad de la Uni\u00f3n Europea en Colombia, se considera como un activista en defensa de la vida y el medio ambiente.<\/p>\r\n<!-- \/wp:paragraph -->\r\n<!-- wp:paragraph -->\r\n<p>Para Francisco, \u201cla sostenibilidad y la vida son temas integrales, que no s\u00f3lo hace referencia al medio ambiente, sino en general al desarrollo completo\u201d.<\/p>\r\n<!-- \/wp:paragraph -->\r\n<!-- wp:paragraph -->\r\n<p>Celebra este tipo de alianzas entre instituciones como UNESCO y la Fundaci\u00f3n Colombianitos, que buscan unir esfuerzos para crear herramientas que forman y educan en sostenibilidad ambiental.<\/p>\r\n<!-- \/wp:paragraph -->\r\n<!-- wp:paragraph -->\r\n<p>Este activista considera importante incentivar d\u00eda a d\u00eda, desde todos los sectores, actividades que generen conciencia ambiental en la ciudadan\u00eda, y para esto la educaci\u00f3n es fundamental, es una herramienta indispensable. \u00a0<\/p>\r\n<!-- \/wp:paragraph -->\r\n<!-- wp:paragraph -->\r\n<p>Por su parte UNESCO participo con dos representantes, Romina Kasman, especialista del Programa Oficina Regional de Educaci\u00f3n UNESCO, en Am\u00e9rica Latina y Caribe, y Cristian Bravo, especialista en educaci\u00f3n de la UNESCO en Santiago de Chile.\u00a0<\/p>\r\n<!-- \/wp:paragraph -->\r\n<!-- wp:paragraph -->\r\n<p>Para Romina, la educaci\u00f3n tiene el poder de cambiar el mundo y en la actualidad hay un enfoque dirigido en el desarrollo sostenible. Asegur\u00f3 que la UNESCO cuenta con proyectos y programas que tienen como meta para el 2030 que todos los alumnos adquieran conocimientos pr\u00e1cticos y te\u00f3ricos para promover el desarrollo sostenible a trav\u00e9s de la educaci\u00f3n.<\/p>\r\n<!-- \/wp:paragraph -->\r\n<!-- wp:paragraph -->\r\n<p>Cristian Bravo, se\u00f1al\u00f3 que la educaci\u00f3n para la ciudadan\u00eda mundial es un \u00e1rea estrat\u00e9gica para la UNESCO; adem\u00e1s, asegur\u00f3 que las sociedades deben aprender con urgencia a vivir diferente, \u201ccambiando lo que sabemos, en lo que creemos y lo que hacemos\u201d.<\/p>\r\n<!-- \/wp:paragraph -->\r\n<!-- wp:image {\"id\":8029,\"sizeSlug\":\"large\"} -->\r\n<figure class=\"wp-block-image size-large\"><img src=\"http:\/\/box2392.temp.domains\/~colombt6-content\/uploads\/2021\/04\/Ez6LtEgWYAIkr9m-1024x580.jpg\" alt=\"\" class=\"wp-image-8029\"\/><\/figure>\r\n<!-- \/wp:image -->\r\n<!-- wp:paragraph -->\r\n<p>Carolina Jarro, es la Subdirectora de Gesti\u00f3n y Manejo de \u00e1reas Protegidas de Parques Nacionales Naturales de Colombia, en su participaci\u00f3n destac\u00f3 que desde hace 2 a\u00f1os el Gobierno Nacional y la instituci\u00f3n, a trav\u00e9s de convenios, han logrado completar la meta de diversidad biol\u00f3gica protegiendo el 13.80% de nuestro territorio marino costero.<\/p>\r\n<!-- \/wp:paragraph -->\r\n<!-- wp:paragraph -->\r\n<p>Adem\u00e1s de trabajar en las \u00e1reas rurales donde los \u00edndices de vulnerabilidad son m\u00e1s altas, procurando mejorar la calidad de vida por medio de alianzas, que beneficien a las poblaciones que habitan alrededor de los parques nacionales.<\/p>\r\n<!-- \/wp:paragraph -->\r\n<!-- wp:paragraph -->\r\n<p>Otro de nuestros ponentes fue el Coronel Juan Carlos Vanegas, Director de Control Territorial de la Jefatura de Operaciones del Ej\u00e9rcito Nacional, quien habl\u00f3 de las estrategias que est\u00e1n empleando las fuerzas militares para la protecci\u00f3n y resguardo de los recursos naturales.<\/p>\r\n<!-- \/wp:paragraph -->\r\n<!-- wp:paragraph -->\r\n<p>Gracias a la operaci\u00f3n \u201cArtemisa\u201d desde el a\u00f1o 2019 se ha logrado la recuperaci\u00f3n de 10.734 hect\u00e1reas que se est\u00e1n viendo afectadas por deforestaci\u00f3n, y delitos ambientales.<\/p>\r\n<!-- \/wp:paragraph -->\r\n<!-- wp:paragraph -->\r\n<p>\u201cSe est\u00e1 trabajando permanentemente en la recuperaci\u00f3n del medio ambiente con siembra de \u00e1rboles nativos, frailejones, recolecci\u00f3n de residuos, entre otras acciones de cuidado por el medio ambiente con m\u00e1s de 1.700 soldados formados y educados para este fin\u201d, afirm\u00f3 el Coronel Juan Carlos Vanegas.<\/p>\r\n<!-- \/wp:paragraph -->\r\n<!-- wp:paragraph -->\r\n<p>En el sector empresarial estuvo, Natalia Augier, l\u00edder de Equipo de Comunicaciones en Kimberly-Clark Latinoam\u00e9rica Norte, resalt\u00f3 la importancia de las alianzas como la que ha desarrollado Kimberly Clark y la Fundaci\u00f3n Colombianitos, que durante 16 a\u00f1os han trabajado en conjunto para apoyar a las comunidades de distintas zonas del pa\u00eds en diferentes enfoques, uno de ellos, en el cuidado del medio ambiente y el buen aprovechamiento de los recursos generales.\u00a0<\/p>\r\n<!-- \/wp:paragraph -->\r\n<!-- wp:paragraph -->\r\n<p>Destac\u00f3 el trabajo que se ha centrado en los municipios de Barbosa (Antioquia), Puerto Tejada (Cauca) y Tocancip\u00e1 (Cundinamarca), en d\u00f3nde en los \u00faltimos a\u00f1os se han implementado actividades entorno al reciclaje, en entornos educativos involucrando a las comunidades acad\u00e9micas de las instituciones educativas, docentes, estudiantes, directivos y padres de familia.<\/p>\r\n<!-- \/wp:paragraph -->\r\n<!-- wp:paragraph -->\r\n<p>Con el curr\u00edculo <strong>\u201cEstamos dejando huella en nuestro planeta\u201d<\/strong> la Fundaci\u00f3n Colombianitos afianza su compromiso en la formaci\u00f3n de ni\u00f1os y ni\u00f1as comprometidas con la sostenibilidad ambiental,  desarrollando competencias investigativas, en liderazgo y ciudadanas que promueven el pensamiento cr\u00edtico, creativo, resoluci\u00f3n de problemas, espacio de di\u00e1logo y reflexi\u00f3n en las comunidades. <\/p>\r\n<!-- \/wp:paragraph -->\r\n<!-- wp:paragraph -->\r\n<p><strong>Reviva el webinar 'Jugamos distinto por el medio ambiente'.<\/strong><\/p>\r\n<!-- \/wp:paragraph -->\r\n<!-- wp:core-embed\/youtube {\"url\":\"https:\/\/www.youtube.com\/watch?v=U0opeWdAXzs\",\"type\":\"video\",\"providerNameSlug\":\"youtube\",\"className\":\"wp-embed-aspect-16-9 wp-has-aspect-ratio\"} -->\r\n<figure class=\"wp-block-embed-youtube wp-block-embed is-type-video is-provider-youtube wp-embed-aspect-16-9 wp-has-aspect-ratio\"><div class=\"wp-block-embed__wrapper\">\r\nhttps:\/\/www.youtube.com\/watch?v=U0opeWdAXzs\r\n<\/div><\/figure>\r\n<!-- \/wp:core-embed\/youtube -->","_et_gb_content_width":"","om_disable_all_campaigns":false,"_monsterinsights_skip_tracking":false,"_monsterinsights_sitenote_active":false,"_monsterinsights_sitenote_note":"","_monsterinsights_sitenote_category":0,"_jetpack_memberships_contains_paid_content":false,"footnotes":""},"categories":[7],"tags":[],"class_list":["post-8025","post","type-post","status-publish","format-standard","has-post-thumbnail","hentry","category-noticias"],"aioseo_notices":[],"jetpack_featured_media_url":"https:\/\/i0.wp.com\/www.colombianitos.org\/wp-content\/uploads\/2021\/04\/Webinar.jpg?fit=1355%2C759&ssl=1","jetpack_sharing_enabled":true,"_links":{"self":[{"href":"https:\/\/www.colombianitos.org\/en\/wp-json\/wp\/v2\/posts\/8025","targetHints":{"allow":["GET"]}}],"collection":[{"href":"https:\/\/www.colombianitos.org\/en\/wp-json\/wp\/v2\/posts"}],"about":[{"href":"https:\/\/www.colombianitos.org\/en\/wp-json\/wp\/v2\/types\/post"}],"author":[{"embeddable":true,"href":"https:\/\/www.colombianitos.org\/en\/wp-json\/wp\/v2\/users\/4"}],"replies":[{"embeddable":true,"href":"https:\/\/www.colombianitos.org\/en\/wp-json\/wp\/v2\/comments?post=8025"}],"version-history":[{"count":3,"href":"https:\/\/www.colombianitos.org\/en\/wp-json\/wp\/v2\/posts\/8025\/revisions"}],"predecessor-version":[{"id":8039,"href":"https:\/\/www.colombianitos.org\/en\/wp-json\/wp\/v2\/posts\/8025\/revisions\/8039"}],"wp:featuredmedia":[{"embeddable":true,"href":"https:\/\/www.colombianitos.org\/en\/wp-json\/wp\/v2\/media\/8243"}],"wp:attachment":[{"href":"https:\/\/www.colombianitos.org\/en\/wp-json\/wp\/v2\/media?parent=8025"}],"wp:term":[{"taxonomy":"category","embeddable":true,"href":"https:\/\/www.colombianitos.org\/en\/wp-json\/wp\/v2\/categories?post=8025"},{"taxonomy":"post_tag","embeddable":true,"href":"https:\/\/www.colombianitos.org\/en\/wp-json\/wp\/v2\/tags?post=8025"}],"curies":[{"name":"wp","href":"https:\/\/api.w.org\/{rel}","templated":true}]}}