{"id":8016,"date":"2021-04-23T17:21:53","date_gmt":"2021-04-23T22:21:53","guid":{"rendered":"https:\/\/colombianitos.org\/?p=8016"},"modified":"2021-05-06T06:23:17","modified_gmt":"2021-05-06T06:23:17","slug":"jugamos-distinto-por-el-medio-ambiente","status":"publish","type":"post","link":"https:\/\/www.colombianitos.org\/en\/jugamos-distinto-por-el-medio-ambiente\/","title":{"rendered":"We play differently for the environment"},"content":{"rendered":"<body><p><\/p>[et_pb_section fb_built=\u201d1\u2033 _builder_version=\u201d3.22\u2033][et_pb_row _builder_version=\u201d3.25\u2033 background_size=\u201dinitial\u201d background_position=\u201dtop_left\u201d background_repeat=\u201drepeat\u201d][et_pb_column type=\u201d4_4\u2033 _builder_version=\u201d3.25\u2033 custom_padding=\u201d|||\u201d custom_padding__hover=\u201d|||\u201d][et_pb_text _builder_version=\u201d3.27.4\u2033 background_size=\u201dinitial\u201d background_position=\u201dtop_left\u201d background_repeat=\u201drepeat\u201d]En un encuentro virtual la Fundaci\u00f3n Colombianitos presentar\u00e1 el pr\u00f3ximo lunes 26 de abril el curr\u00edculo en sostenibilidad ambiental y calidad de vida \u201cEstamos dejando huella en nuestro planeta\u201d, un trabajo realizado en compa\u00f1\u00eda de la UNESCO, que busca formar y educar a ni\u00f1os, ni\u00f1as y j\u00f3venes en acciones de liderazgo y sensibilizaci\u00f3n para crear conciencia ambiental individual y colectiva.\n<p>There will be seven reflections with guests from different sectors that work for common objective like protecting and preserving the environment. A colonel of the National Army, an 11 year old activist, representatives of national, global and local institutions, will share their stories and experiences on environmental sustainability.<\/p>\n<p>We will learn the strategies that the National Army developing in regards to protecting land previously used to produce illegal products that is now in a reforestation process through the introduction of palm and frailejone plants. We will learnt the story of an 11 year old, whose lifestyle is one of a great defender of the environment. Many other stories and experiences regarding environmental responsibility will be shared by companies and state institutions.<\/p>\n<p>Additionally, we will talk about the work done in 2020 by the Colombianitos Foundation and UNESCO in with the environmental sustainability curriculum who uses \"Juguemos for la Paz\" (Let's play for Peace) methodology and in the first months of its implementation helped 1,000 students and 36 teachers in 6 educational institutions in three municipalities: Barbosa in Antioquia, Puerto Tejada in Cauca and Tocancip\u00e1 in Cundinamarca.<\/p>\n<p>These guests will share seven unexpected reflections about environmental sustainability next Monday, April 26th starting at 8:30 am in the webinar \"Juguemos distanto por el medio ambiente\"<\/p>\n<ul>\n<li>Gladys Sanmiguel \u2013 Directora Ejecutiva de la Fundaci\u00f3n Colombianitos.<\/li>\n<li>Francisco Vera - Activist in defending life and the environment. He is 11 years old and ambassador of Buena Voluntad de la Union Europea en Colombia.<\/li>\n<li>Orlando Moreno - National Parks Director<\/li>\n<li>Diana Toledo - Curriculum Coordinator for Environmental Sustainability of the Colombianitos Foundation<\/li>\n<li>Mar\u00eda Brown - Specialist in Education, UNESCO's office in Quito and Representation for Bolivia, Colombia, Ecuador and Venezuela.<\/li>\n<li>Romina Kasman - Specialist of the Program in the Regional Office of Education of Unesco for Latin America and the Caribbean.<\/li>\n<li>Colonel Carlos Vanessa - Territorial Control Director of the National Army Operations in Colombia<\/li>\n<li>Natalia Augier \u2013 Kimberly Clark, Jefe equipo de comunicaciones regi\u00f3n norte LAO<\/li>\n<\/ul>\n<p>The people that want to participate in our webinar have to sign up using the following link: <a href=\"https:\/\/t.co\/84BOJ51vbV?amp=1\" target=\"_blank\" rel=\"noreferrer noopener\">bit.ly\/32p9Q58<\/a>.<\/p>\n<p>This event will take place Monday April 26 starting at 8:30 through Facebook Live and the Colombianitos Foundation Youtube.<\/p>\n<p><img data-recalc-dims=\"1\" height=\"512\" width=\"1024\" decoding=\"async\" class=\"wp-image-8017\" src=\"https:\/\/i0.wp.com\/box2392.temp.domains\/~colombt6-content\/uploads\/2021\/04\/Tw-invitaci%C3%B3n-Webinar-1024x512.jpg?resize=1024%2C512\" alt=\"\" data-id=\"8017\" data-full-url=\"http:\/\/box2392.temp.domains\/~colombt6-content\/uploads\/2021\/04\/Tw-invitaci\u00f3n-Webinar-scaled.jpg\" data-link=\"https:\/\/colombianitos.org\/?attachment_id=8017\" loading=\"lazy\">[\/et_pb_text][\/et_pb_column][\/et_pb_row][\/et_pb_section]<\/p>\n<\/body>","protected":false},"excerpt":{"rendered":"<p>En un encuentro virtual la Fundaci\u00f3n Colombianitos presentar\u00e1 el pr\u00f3ximo lunes 26 de abril el curr\u00edculo en sostenibilidad ambiental y calidad de vida \u201cEstamos dejando huella en nuestro planeta\u201d, un trabajo realizado en compa\u00f1\u00eda de la UNESCO, que busca formar y educar a ni\u00f1os, ni\u00f1as y j\u00f3venes en acciones de liderazgo y sensibilizaci\u00f3n para crear [&hellip;]<\/p>","protected":false},"author":4,"featured_media":8219,"comment_status":"closed","ping_status":"open","sticky":false,"template":"","format":"standard","meta":{"nf_dc_page":"","_et_pb_use_builder":"on","_et_pb_old_content":"En un encuentro virtual la Fundaci\u00f3n Colombianitos presentar\u00e1 el pr\u00f3ximo lunes 26 de abril el curr\u00edculo en sostenibilidad ambiental y calidad de vida \u201cEstamos dejando huella en nuestro planeta\u201d, un trabajo realizado en compa\u00f1\u00eda de la UNESCO, que busca formar y educar a ni\u00f1os, ni\u00f1as y j\u00f3venes en acciones de liderazgo y sensibilizaci\u00f3n para crear conciencia ambiental individual y colectiva.\r\n\r\nSer\u00e1n siete reflexiones con invitados de distintos sectores que trabajan por objetivos en com\u00fan, como el de cuidar y preservar el medio ambiente. Un coronel del Ej\u00e9rcito Nacional, un activista de 11 a\u00f1os, representantes de instituciones nacionales, mundiales y del sector empresarial, compartir\u00e1n historias y experiencias sobre sostenibilidad ambiental.\r\n\r\nConoceremos las estrategias que adelanta el Ej\u00e9rcito Nacional para proteger las tierras que antes eran utilizadas para cultivos il\u00edcitos y que ahora est\u00e1n siendo reforestadas con palma de cera y frailejones, conoceremos la historia de un ni\u00f1o de 11 a\u00f1os, que tiene como estilo de vida ser un gran defensor del medio ambiente y otras experiencias desde la responsabilidad ambiental de empresas e instituciones del estado.\r\n\r\nAdem\u00e1s, hablaremos del trabajo realizado durante el 2020 por la Fundaci\u00f3n Colombianitos y la UNESCO en la elaboraci\u00f3n del curr\u00edculo en sostenibilidad ambiental que utiliza la metodolog\u00eda \u2018Juguemos por la Paz\u2019 y que en los primeros meses de su implementaci\u00f3n a beneficiado a 1.000 estudiantes y 36 docentes, en 6 instituciones educativas de tres municipios:\u00a0 Barbosa en Antioquia, Puerto Tejada en Cauca y Tocancip\u00e1, Cundinamarca.\r\n\r\nEstos ser\u00e1n los invitados que nos compartir\u00e1n siete reflexiones inesperadas sobre sostenibilidad ambiental el pr\u00f3ximo lunes 26 de abril, desde las 8:30 de la ma\u00f1ana en el webinar \u2018Jugamos distinto por el medio ambiente\u2019:\r\n<ul>\r\n \t<li>Gladys Sanmiguel - Directora Ejecutiva de la Fundaci\u00f3n Colombianitos.<\/li>\r\n \t<li>Francisco Vera \u2013 Activista en defensa de la Vida y el medio ambiente. Tiene once a\u00f1os y es embajador de Buena Voluntad de la Uni\u00f3n Europea en Colombia.<\/li>\r\n \t<li>Orlando Molano \u2013 Director Parques Naturales Nacionales<\/li>\r\n \t<li>Diana Toledo \u2013 Coordinadora Curr\u00edculo Sostenibilidad Ambiental de la Fundaci\u00f3n Colombianitos.<\/li>\r\n \t<li>Mar\u00eda Brown \u2013 Especialista en Educaci\u00f3n, Oficina de la UNESCO en Quito y Representaci\u00f3n para Bolivia, Colombia, Ecuador y Venezuela.<\/li>\r\n \t<li>Romina Kasman \u2013Especialista de Programa en la Oficina Regional de Educaci\u00f3n de la UNESCO para Am\u00e9rica Latina y el Caribe.<\/li>\r\n \t<li>Coronel Carlos Vanegas \u2013 Director Control Territorial de la Jefatura de Operaciones del Ej\u00e9rcito Nacional de Colombia.<\/li>\r\n \t<li>Natalia Augier - Kimberly Clark, Jefe equipo de comunicaciones regi\u00f3n norte LAO<\/li>\r\n<\/ul>\r\nLas personas que deseen participar de nuestro webinar deben inscribirte en el siguiente enlace <a href=\"https:\/\/t.co\/84BOJ51vbV?amp=1\" target=\"_blank\" rel=\"noreferrer noopener\">bit.ly\/32p9Q58<\/a>.\r\n\r\nEl evento ser\u00e1 transmitido el lunes 26 de abril desde las 8:30am por Facebook Live y el canal de You tube de la Fundaci\u00f3n Colombianitos.\r\n\r\n<img class=\"wp-image-8017\" src=\"http:\/\/box2392.temp.domains\/~colombt6-content\/uploads\/2021\/04\/Tw-invitaci\u00f3n-Webinar-1024x512.jpg\" alt=\"\" data-id=\"8017\" data-full-url=\"http:\/\/box2392.temp.domains\/~colombt6-content\/uploads\/2021\/04\/Tw-invitaci\u00f3n-Webinar-scaled.jpg\" data-link=\"https:\/\/colombianitos.org\/?attachment_id=8017\" \/>","_et_gb_content_width":"","om_disable_all_campaigns":false,"_monsterinsights_skip_tracking":false,"_monsterinsights_sitenote_active":false,"_monsterinsights_sitenote_note":"","_monsterinsights_sitenote_category":0,"_jetpack_memberships_contains_paid_content":false,"footnotes":""},"categories":[7],"tags":[],"class_list":["post-8016","post","type-post","status-publish","format-standard","has-post-thumbnail","hentry","category-noticias"],"aioseo_notices":[],"jetpack_featured_media_url":"https:\/\/i0.wp.com\/www.colombianitos.org\/wp-content\/uploads\/2021\/05\/25112020-_MG_1628.jpg?fit=1600%2C1067&ssl=1","jetpack_sharing_enabled":true,"_links":{"self":[{"href":"https:\/\/www.colombianitos.org\/en\/wp-json\/wp\/v2\/posts\/8016","targetHints":{"allow":["GET"]}}],"collection":[{"href":"https:\/\/www.colombianitos.org\/en\/wp-json\/wp\/v2\/posts"}],"about":[{"href":"https:\/\/www.colombianitos.org\/en\/wp-json\/wp\/v2\/types\/post"}],"author":[{"embeddable":true,"href":"https:\/\/www.colombianitos.org\/en\/wp-json\/wp\/v2\/users\/4"}],"replies":[{"embeddable":true,"href":"https:\/\/www.colombianitos.org\/en\/wp-json\/wp\/v2\/comments?post=8016"}],"version-history":[{"count":5,"href":"https:\/\/www.colombianitos.org\/en\/wp-json\/wp\/v2\/posts\/8016\/revisions"}],"predecessor-version":[{"id":8033,"href":"https:\/\/www.colombianitos.org\/en\/wp-json\/wp\/v2\/posts\/8016\/revisions\/8033"}],"wp:featuredmedia":[{"embeddable":true,"href":"https:\/\/www.colombianitos.org\/en\/wp-json\/wp\/v2\/media\/8219"}],"wp:attachment":[{"href":"https:\/\/www.colombianitos.org\/en\/wp-json\/wp\/v2\/media?parent=8016"}],"wp:term":[{"taxonomy":"category","embeddable":true,"href":"https:\/\/www.colombianitos.org\/en\/wp-json\/wp\/v2\/categories?post=8016"},{"taxonomy":"post_tag","embeddable":true,"href":"https:\/\/www.colombianitos.org\/en\/wp-json\/wp\/v2\/tags?post=8016"}],"curies":[{"name":"wp","href":"https:\/\/api.w.org\/{rel}","templated":true}]}}