{"id":7920,"date":"2021-02-04T19:52:50","date_gmt":"2021-02-05T00:52:50","guid":{"rendered":"https:\/\/colombianitos.org\/?p=7920"},"modified":"2021-05-13T04:38:04","modified_gmt":"2021-05-13T04:38:04","slug":"inicio-la-temporada-deportiva-2021-para-los-colombianitos-de-ciudad-bolivar","status":"publish","type":"post","link":"https:\/\/www.colombianitos.org\/en\/inicio-la-temporada-deportiva-2021-para-los-colombianitos-de-ciudad-bolivar\/","title":{"rendered":"Inici\u00f3 la temporada deportiva 2021 para los Colombianitos de Ciudad Bol\u00edvar"},"content":{"rendered":"<body>[et_pb_section fb_built=\u201d1\u2033 _builder_version=\u201d3.22\u2033 da_is_popup=\u201doff\u201d da_exit_intent=\u201doff\u201d da_has_close=\u201don\u201d da_alt_close=\u201doff\u201d da_dark_close=\u201doff\u201d da_not_modal=\u201don\u201d da_is_singular=\u201doff\u201d da_with_loader=\u201doff\u201d da_has_shadow=\u201don\u201d da_disable_devices=\u201doff|off|off\u201d][et_pb_row _builder_version=\u201d3.25\u2033 background_size=\u201dinitial\u201d background_position=\u201dtop_left\u201d background_repeat=\u201drepeat\u201d][et_pb_column type=\u201d4_4\u2033 _builder_version=\u201d3.25\u2033 custom_padding=\u201d|||\u201d custom_padding__hover=\u201d|||\u201d][et_pb_text _builder_version=\u201d3.27.4\u2033 background_size=\u201dinitial\u201d background_position=\u201dtop_left\u201d background_repeat=\u201drepeat\u201d]\n<p>Entre miradas de asombro, muestras de alegr\u00eda, ni\u00f1os y ni\u00f1as de la Fundaci\u00f3n Colombianitos en Ciudad Bol\u00edvar arrancaron de manera oficial las actividades deportivas a cielo abierto del proyecto \u2018Goles para una vida mejor 2021\u2019.<\/p>\n\n\n\n<p>Cerca de 100 beneficiarios, divididos en dos grupos, fueron citados a las canchas de f\u00fatbol de los Padres Somascos, en el sector de Guabal. All\u00ed hicieron parte de la primera pr\u00e1ctica deportiva del a\u00f1o liderada por el\u00a0 Embajador de la Fundaci\u00f3n, el Sargento Francisco Pedraza, \u00a0h\u00e9roe sobreviviente de una mina antipersona que le produjo la amputaci\u00f3n de sus piernas.<\/p>\n\n\n\n<p>Felipe Oliveros, un colombianito de 8 a\u00f1os, nos habl\u00f3 de c\u00f3mo fue la espera por varias semanas y c\u00f3mo extra\u00f1\u00f3 las actividades de la Fundaci\u00f3n, \u201ccuando est\u00e1bamos en cuarentena nos quedamos\u00a0 en la casa haciendo tareas y cosas creativas, pero a m\u00ed me gusta venir a jugar\u00a0 y practicar f\u00fatbol con mis compa\u00f1eros, se siente como estar en familia\u201d, indic\u00f3.<\/p>\n\n\n\n<p>Por su parte Gladys Sanmiguel, Directora Ejecutiva de la Fundaci\u00f3n, se\u00f1al\u00f3 que con este evento la Fundaci\u00f3n regres\u00f3 a la presencialidad cumpliendo todos los protocolos de bioseguridad, luego de pasar por el segundo pico de la pandemia y la terminaci\u00f3n de la cuarentena estricta en esta localidad.<\/p>\n\n\n\n<p>\u201cPudimos recibir a nuestros colombianitos con todos los protocolos resguardando su salud, les entregamos uniformes, balones y otros implementos deportivos; pero lo m\u00e1s importante fue \u00a0escuchar la historia de superaci\u00f3n de nuestro embajador el Sargento Pedraza, quien les cont\u00f3 c\u00f3mo el deporte ha transformado su vida\u201d, explic\u00f3 la Directora.<\/p>\n\n\n\n<figure class=\"wp-block-image size-large\"><img data-recalc-dims=\"1\" decoding=\"async\" class=\"wp-image-7923\" src=\"https:\/\/i0.wp.com\/box2392.temp.domains\/~colombt6-content\/uploads\/2021\/02\/05-CB.jpg?w=1080\" alt=\"\" loading=\"lazy\">\n<figcaption><em>Sargento Francisco Pedraza<\/em><br><em>Foto: Diana S\u00e1nchez \/ Fundaci\u00f3n Colombianitos<\/em><\/figcaption>\n<\/figure>\n\n\n\n<p>Dayana Ortiz tiene 10 a\u00f1os, y tambi\u00e9n estaba esperando desde hace varios d\u00edas el regreso de las actividades deportivas para poder jugar futbol y compartir con sus amigos. Para ella el estar en la fundaci\u00f3n le ha servido para respetar a los dem\u00e1s.<\/p>\n\n\n\n<p>Fueron m\u00e1s de cuatro horas en las que nuestro embajador el Sargento Pedraza,\u00a0 comparti\u00f3 experiencias, mensajes de esperanza y superaci\u00f3n,\u00a0 con todos los colombianitos de Ciudad Bol\u00edvar.<\/p>\n\n\n\n<p>\u201cPoder compartir con los Colombiantos es una experiencia \u00fanica, estos espacios son importantes para ense\u00f1arles a los j\u00f3venes\u00a0 que su actitud y su pasi\u00f3n siempre debe estar orientada hacia algo positivo,\u00a0 todo lo que usted se proponga lo puede alcanzar con disciplina, esfuerzo y pasi\u00f3n, no todo puede ser regalado\u201d, expres\u00f3 el Sargento Pedraza.<\/p>\n\n\n\n<p>Desde hace 20 a\u00f1os la Fundaci\u00f3n Colombianitos trabaja en las zonas m\u00e1s vulnerables del pa\u00eds para formar a ni\u00f1os en valores por medio del deporte con programas educativos enfocados en la construcci\u00f3n de paz, equidad de g\u00e9nero, liderazgo juvenil, sostenibilidad ambiental y prevenci\u00f3n del consumo de alcohol a temprana edad.<\/p>\n\n\n\n[\/et_pb_text][\/et_pb_column][\/et_pb_row][\/et_pb_section]<\/body>","protected":false},"excerpt":{"rendered":"<p>Entre miradas de asombro, muestras de alegr\u00eda, ni\u00f1os y ni\u00f1as de la Fundaci\u00f3n Colombianitos en Ciudad Bol\u00edvar arrancaron de manera oficial las actividades deportivas a cielo abierto del proyecto \u2018Goles para una vida mejor 2021\u2019. Cerca de 100 beneficiarios, divididos en dos grupos, fueron citados a las canchas de f\u00fatbol de los Padres Somascos, en [&hellip;]<\/p>","protected":false},"author":4,"featured_media":8472,"comment_status":"closed","ping_status":"open","sticky":false,"template":"","format":"standard","meta":{"nf_dc_page":"","_et_pb_use_builder":"on","_et_pb_old_content":"<!-- wp:paragraph -->\r\n<p>Entre miradas de asombro, muestras de alegr\u00eda, ni\u00f1os y ni\u00f1as de la Fundaci\u00f3n Colombianitos en Ciudad Bol\u00edvar arrancaron de manera oficial las actividades deportivas a cielo abierto del proyecto \u2018Goles para una vida mejor 2021\u2019.<\/p>\r\n<!-- \/wp:paragraph --><!-- wp:paragraph -->\r\n<p>Cerca de 100 beneficiarios, divididos en dos grupos, fueron citados a las canchas de f\u00fatbol de los Padres Somascos, en el sector de Guabal. All\u00ed hicieron parte de la primera pr\u00e1ctica deportiva del a\u00f1o liderada por el\u00a0 Embajador de la Fundaci\u00f3n, el Sargento Francisco Pedraza, \u00a0h\u00e9roe sobreviviente de una mina antipersona que le produjo la amputaci\u00f3n de sus piernas.<\/p>\r\n<!-- \/wp:paragraph --><!-- wp:paragraph -->\r\n<p>Felipe Oliveros, un colombianito de 8 a\u00f1os, nos habl\u00f3 de c\u00f3mo fue la espera por varias semanas y c\u00f3mo extra\u00f1\u00f3 las actividades de la Fundaci\u00f3n, \u201ccuando est\u00e1bamos en cuarentena nos quedamos\u00a0 en la casa haciendo tareas y cosas creativas, pero a m\u00ed me gusta venir a jugar\u00a0 y practicar f\u00fatbol con mis compa\u00f1eros, se siente como estar en familia\u201d, indic\u00f3.<\/p>\r\n<!-- \/wp:paragraph --><!-- wp:paragraph -->\r\n<p>Por su parte Gladys Sanmiguel, Directora Ejecutiva de la Fundaci\u00f3n, se\u00f1al\u00f3 que con este evento la Fundaci\u00f3n regres\u00f3 a la presencialidad cumpliendo todos los protocolos de bioseguridad, luego de pasar por el segundo pico de la pandemia y la terminaci\u00f3n de la cuarentena estricta en esta localidad.<\/p>\r\n<!-- \/wp:paragraph --><!-- wp:paragraph -->\r\n<p>\u201cPudimos recibir a nuestros colombianitos con todos los protocolos resguardando su salud, les entregamos uniformes, balones y otros implementos deportivos; pero lo m\u00e1s importante fue \u00a0escuchar la historia de superaci\u00f3n de nuestro embajador el Sargento Pedraza, quien les cont\u00f3 c\u00f3mo el deporte ha transformado su vida\u201d, explic\u00f3 la Directora.<\/p>\r\n<!-- \/wp:paragraph --><!-- wp:image {\"id\":7923,\"sizeSlug\":\"large\"} -->\r\n<figure class=\"wp-block-image size-large\"><img class=\"wp-image-7923\" src=\"http:\/\/box2392.temp.domains\/~colombt6-content\/uploads\/2021\/02\/05-CB.jpg\" alt=\"\" \/>\r\n<figcaption><em>Sargento Francisco Pedraza<\/em><br \/><em>Foto: Diana S\u00e1nchez \/ Fundaci\u00f3n Colombianitos<\/em><\/figcaption>\r\n<\/figure>\r\n<!-- \/wp:image --><!-- wp:paragraph -->\r\n<p>Dayana Ortiz tiene 10 a\u00f1os, y tambi\u00e9n estaba esperando desde hace varios d\u00edas el regreso de las actividades deportivas para poder jugar futbol y compartir con sus amigos. Para ella el estar en la fundaci\u00f3n le ha servido para respetar a los dem\u00e1s.<\/p>\r\n<!-- \/wp:paragraph --><!-- wp:paragraph -->\r\n<p>Fueron m\u00e1s de cuatro horas en las que nuestro embajador el Sargento Pedraza,\u00a0 comparti\u00f3 experiencias, mensajes de esperanza y superaci\u00f3n,\u00a0 con todos los colombianitos de Ciudad Bol\u00edvar.<\/p>\r\n<!-- \/wp:paragraph --><!-- wp:paragraph -->\r\n<p>\u201cPoder compartir con los Colombiantos es una experiencia \u00fanica, estos espacios son importantes para ense\u00f1arles a los j\u00f3venes\u00a0 que su actitud y su pasi\u00f3n siempre debe estar orientada hacia algo positivo,\u00a0 todo lo que usted se proponga lo puede alcanzar con disciplina, esfuerzo y pasi\u00f3n, no todo puede ser regalado\u201d, expres\u00f3 el Sargento Pedraza.<\/p>\r\n<!-- \/wp:paragraph --><!-- wp:paragraph -->\r\n<p>Desde hace 20 a\u00f1os la Fundaci\u00f3n Colombianitos trabaja en las zonas m\u00e1s vulnerables del pa\u00eds para formar a ni\u00f1os en valores por medio del deporte con programas educativos enfocados en la construcci\u00f3n de paz, equidad de g\u00e9nero, liderazgo juvenil, sostenibilidad ambiental y prevenci\u00f3n del consumo de alcohol a temprana edad.<\/p>\r\n<!-- \/wp:paragraph --><!-- wp:image {\"sizeSlug\":\"large\"} -->\r\n<figure class=\"wp-block-image size-large\"><img alt=\"\" \/><\/figure>\r\n<!-- \/wp:image -->","_et_gb_content_width":"","om_disable_all_campaigns":false,"_monsterinsights_skip_tracking":false,"_monsterinsights_sitenote_active":false,"_monsterinsights_sitenote_note":"","_monsterinsights_sitenote_category":0,"_jetpack_memberships_contains_paid_content":false,"footnotes":""},"categories":[7],"tags":[22,40,41],"class_list":["post-7920","post","type-post","status-publish","format-standard","has-post-thumbnail","hentry","category-noticias","tag-ciudad-bolivar","tag-colombianitos","tag-temporada"],"aioseo_notices":[],"jetpack_featured_media_url":"https:\/\/i0.wp.com\/www.colombianitos.org\/wp-content\/uploads\/2021\/02\/02-CB-825x510-1.jpeg?fit=825%2C510&ssl=1","jetpack_sharing_enabled":true,"_links":{"self":[{"href":"https:\/\/www.colombianitos.org\/en\/wp-json\/wp\/v2\/posts\/7920","targetHints":{"allow":["GET"]}}],"collection":[{"href":"https:\/\/www.colombianitos.org\/en\/wp-json\/wp\/v2\/posts"}],"about":[{"href":"https:\/\/www.colombianitos.org\/en\/wp-json\/wp\/v2\/types\/post"}],"author":[{"embeddable":true,"href":"https:\/\/www.colombianitos.org\/en\/wp-json\/wp\/v2\/users\/4"}],"replies":[{"embeddable":true,"href":"https:\/\/www.colombianitos.org\/en\/wp-json\/wp\/v2\/comments?post=7920"}],"version-history":[{"count":2,"href":"https:\/\/www.colombianitos.org\/en\/wp-json\/wp\/v2\/posts\/7920\/revisions"}],"predecessor-version":[{"id":8473,"href":"https:\/\/www.colombianitos.org\/en\/wp-json\/wp\/v2\/posts\/7920\/revisions\/8473"}],"wp:featuredmedia":[{"embeddable":true,"href":"https:\/\/www.colombianitos.org\/en\/wp-json\/wp\/v2\/media\/8472"}],"wp:attachment":[{"href":"https:\/\/www.colombianitos.org\/en\/wp-json\/wp\/v2\/media?parent=7920"}],"wp:term":[{"taxonomy":"category","embeddable":true,"href":"https:\/\/www.colombianitos.org\/en\/wp-json\/wp\/v2\/categories?post=7920"},{"taxonomy":"post_tag","embeddable":true,"href":"https:\/\/www.colombianitos.org\/en\/wp-json\/wp\/v2\/tags?post=7920"}],"curies":[{"name":"wp","href":"https:\/\/api.w.org\/{rel}","templated":true}]}}