{"id":7897,"date":"2021-01-04T15:12:29","date_gmt":"2021-01-04T20:12:29","guid":{"rendered":"https:\/\/colombianitos.org\/?p=7897"},"modified":"2021-05-13T04:34:40","modified_gmt":"2021-05-13T04:34:40","slug":"en-ano-de-pandemia-la-fundacion-colombianitos-beneficio-a-mas-de-10-719-personas-en-todo-el-pais","status":"publish","type":"post","link":"https:\/\/www.colombianitos.org\/en\/en-ano-de-pandemia-la-fundacion-colombianitos-beneficio-a-mas-de-10-719-personas-en-todo-el-pais\/","title":{"rendered":"En a\u00f1o de pandemia la Fundaci\u00f3n Colombianitos benefici\u00f3 a m\u00e1s de 10.719 personas en todo el pa\u00eds"},"content":{"rendered":"<body>[et_pb_section fb_built=\u201d1\u2033 _builder_version=\u201d3.22\u2033 da_disable_devices=\u201doff|off|off\u201d da_is_popup=\u201doff\u201d da_exit_intent=\u201doff\u201d da_has_close=\u201don\u201d da_alt_close=\u201doff\u201d da_dark_close=\u201doff\u201d da_not_modal=\u201don\u201d da_is_singular=\u201doff\u201d da_with_loader=\u201doff\u201d da_has_shadow=\u201don\u201d][et_pb_row _builder_version=\u201d3.25\u2033 background_size=\u201dinitial\u201d background_position=\u201dtop_left\u201d background_repeat=\u201drepeat\u201d][et_pb_column type=\u201d4_4\u2033 _builder_version=\u201d3.25\u2033 custom_padding=\u201d|||\u201d custom_padding__hover=\u201d|||\u201d][et_pb_text _builder_version=\u201d4.9.4\u2033 background_size=\u201dinitial\u201d background_position=\u201dtop_left\u201d background_repeat=\u201drepeat\u201d hover_enabled=\u201d0\u2033 sticky_enabled=\u201d0\u2033]<p>Ante los retos que se presentaron a causa del Covid -19 la Fundaci\u00f3n Colombianitos mantuvo su objetivo de manera innovadora de seguir usando el deporte como una herramienta de transformaci\u00f3n social en ni\u00f1os, ni\u00f1as y j\u00f3venes de comunidades vulnerables.<\/p>\n<p><\/p>\n<p>Durante el a\u00f1o 2020 la Fundaci\u00f3n Colombianitos, fundada hace 19 a\u00f1os por Angela Patricia Janiot, impact\u00f3 a m\u00e1s de 10.719 beneficiarios, entre ni\u00f1os, ni\u00f1as, adolescentes, padres de familia y docentes, en los diferentes proyectos que se adelantaron en distintas zonas del pa\u00eds.<\/p>\n<p><\/p>\n<p><\/p>10.442 fueron menores de edad, de los cuales 5.397 fueron ni\u00f1os y 5.045 fueron ni\u00f1as, de ellos 1.761 son afrodescendientes, 438 campesinos y 53 migrantes. De los beneficiarios 87 fueron padres de familia y 190 docentes.\n<div class=\"wp-block-image\">\n<figure class=\"alignleft size-large is-resized\"><img data-recalc-dims=\"1\" decoding=\"async\" class=\"wp-image-7900\" src=\"https:\/\/i0.wp.com\/box2392.temp.domains\/~colombt6-content\/uploads\/2021\/01\/Ep0N7KXXUAIUh4Z-1.jpg?resize=303%2C303\" alt=\"\" width=\"303\" height=\"303\" loading=\"lazy\"><\/figure>\n<\/div>\n<p><\/p>\n<p>Seg\u00fan Gladys Sanmiguel, Directora Ejecutiva de la Fundaci\u00f3n Colombianitos, el balance durante este a\u00f1o de pandemia fue positivo, la atenci\u00f3n a los beneficiarios se mantuvo, se reinventaron varios procesos y se implementaron estrategias desde la virtualidad para llegar a los menores de edad, involucrando a los padres de familia a trav\u00e9s de conferencias virtuales con expertos y fichas pedag\u00f3gicas enviadas a todos los hogares por parte de los docentes.<\/p>\n<p><\/p>\n<p><strong>Logros por proyectos<\/strong><\/p>\n<p><\/p>\n<p>Entre los logros alcanzados en los diferentes proyectos se destaca la cobertura que tuvo el proyecto de Ecopetrol, desarrollado en los municipios de Acac\u00edas, Castilla La Nueva y Guamal, en el departamento del Meta, beneficiando a 7.480 ni\u00f1os y 139 docentes, quienes continuaron los procesos educativos de manera virtual desde sus hogares.<\/p>\n<p><\/p>\n<p>Gracias a la alianza entre la Fundaci\u00f3n Colombianitos y Kimberly Clark Colombia, que permite desarrollar estrategias educativas sobre temas ambientales y desarrollo sostenible en los municipios de Barbosa, Puerto Tejada y Tocancip\u00e1, durante este a\u00f1o participaron 1.000 ni\u00f1as, ni\u00f1os, j\u00f3venes y 36 docentes durante la ejecuci\u00f3n de actividades. Durante 15 a\u00f1os este proyecto ha beneficiado a m\u00e1s de 22 mil menores de edad.<\/p>\n<p><\/p>\n<p>Por otra parte, en el proyecto con Laureus que aborda tem\u00e1ticas educativas en Equidad de G\u00e9nero a trav\u00e9s de pr\u00e1cticas y actividades deportivas, m\u00e1s de 845 ni\u00f1os fueron beneficiados. Y gracias a la alianza con DIRECTV, fueron favorecidos 84 menores, 70 padres de familia, en actividades deportivas y donaciones, adem\u00e1s de los 300 ni\u00f1os, ni\u00f1as y j\u00f3venes de la Isla de providencia que recibieron regalos en navidad.<\/p>\n<p><\/p>\n<p><\/p>\n<figure class=\"wp-block-image size-large is-resized\"><img data-recalc-dims=\"1\" decoding=\"async\" class=\"wp-image-7904 alignleft\" src=\"https:\/\/i0.wp.com\/box2392.temp.domains\/~colombt6-content\/uploads\/2021\/01\/20201113_141644-1-1024x461.jpg?resize=233%2C105\" alt=\"\" width=\"233\" height=\"105\" loading=\"lazy\"><\/figure>\n<p><\/p>\n<p>En medio del confinamiento y las cuarentenas, fue necesario experimentar nuevas estrategias para atender no s\u00f3lo las necesidades de las poblaciones o comunidades vulnerables, sino que fueran capaces de adaptarse a la nueva realidad del autocuidado, del cumplimiento de protocolos de bioseguridad y el aislamiento preventivo.<\/p>\n<p><\/p>\n<p>\u201cApoyamos la labor docente con el dise\u00f1o y entrega de actividades pedag\u00f3gicas virtuales y v\u00eddeos deportivos para ser desarrolladas en las clases de educaci\u00f3n F\u00edsica y \u00c9tica. \u00a0Desarrollamos fichas pedag\u00f3gicas en modalidad virtual de cada uno de nuestros programas a trav\u00e9s de retos y actividades que promov\u00edan la actividad f\u00edsica y las habilidades para la vida, estos pod\u00edan ser implementados con materiales en casa e invitaba a la participaci\u00f3n de la familia\u201d, explic\u00f3 Gladys Sanmiguel.<\/p>\n<p><\/p>\n<p>Adem\u00e1s, durante todo el a\u00f1o se mantuvo el trabajo de capacidad instalada en las instituciones educativas y las comunidades a trav\u00e9s de capacitaciones virtuales que se realizaron a docentes, l\u00edderes comunitarios y profesionales deportivos.<\/p>\n<p><\/p>\n<p><strong>Grandes actividades de fin de a\u00f1o<\/strong><\/p>\n<p><\/p>\n<p>Como cierre de a\u00f1o y para celebrar la navidad con distintos grupos beneficiarios en distintas regiones del pa\u00eds, se realizaron tres grandes actividades con importantes aliados.<\/p>\n<p><\/p>\n<p>La primera se desarroll\u00f3 en Bogot\u00e1 en la sede de Ciudad Bol\u00edvar, all\u00ed con apoyo del Transmilenio, Cablem\u00f3vil y la alcald\u00eda local, se entregaron m\u00e1s de 100 regalos de navidad a los ni\u00f1os, ni\u00f1as y menores de edad, beneficiarios de la Fundaci\u00f3n, en una jornada con actividades recreativas y l\u00fadicas.<\/p>\n<p><\/p>\n<p>Luego en la vereda de Bocas de Salisb\u00ed en Tumaco, Nari\u00f1o, con apoyo del Ejercito Nacional se logr\u00f3 reconstruir la escuela de la zona que estaba en precarias condiciones, con una inversi\u00f3n cercana a los 600 millones de pesos, se compraron materiales de construcci\u00f3n para remodelar y reforzar la infraestructura de la escuela y dotarla con todo lo necesario para garantizar los procesos acad\u00e9micos de m\u00e1s de 250 ni\u00f1os durante un a\u00f1o. Adem\u00e1s, a estos menores de edad se le hizo la entrega de regalos para celebrar la navidad.<\/p>\n<p><\/p>\n<p>Por \u00faltimo, se realiz\u00f3 una jornada marat\u00f3nica en compa\u00f1\u00eda de DIRECTV y el Ej\u00e9rcito Nacional por la Isla de Providencia, para entregar m\u00e1s de 300 regalos y mercados a damnificados por el paso del hurac\u00e1n Iota. All\u00ed a cada ni\u00f1o y ni\u00f1a se le hizo la entrega de un kit de aseo y otro escolar, mudas de ropa nueva y juguetes de alta gama.<\/p>\n<p><\/p>\n<p>\u201cNos sentimos muy orgullosos de poder llegar donde est\u00e1n los ni\u00f1os y ni\u00f1as m\u00e1s vulnerables del pa\u00eds, esperamos seguir con estas actividades en zonas apartadas, de la mano de las autoridades locales\u201d, indic\u00f3 la Directora Ejecutiva.<\/p>\n<p><\/p>\n<p>Adem\u00e1s, en \u00e9poca de confinamiento se apoy\u00f3 a m\u00e1s de 720 familias con entrega de mercados y se hizo un trabajo coordinado para fomentar en ni\u00f1os, ni\u00f1as y j\u00f3venes h\u00e1bitos de auto cuidado generando consciencia de la importancia de cuidarnos en \u00e9poca de pandemia.<\/p>\n<p><\/p>\n<p>De esta forma la Fundaci\u00f3n Colombianitos continua como una organizaci\u00f3n l\u00edder en el pa\u00eds con m\u00e1s de 19 a\u00f1os de experiencia en el uso del deporte como herramienta de transformaci\u00f3n social, una apuesta de su fundadora, la directora y toda la junta directiva.<\/p>\n<p><\/p>\n<p><\/p>\n<p><\/p>[\/et_pb_text][\/et_pb_column][\/et_pb_row][\/et_pb_section]<\/body>","protected":false},"excerpt":{"rendered":"<p>Ante los retos que se presentaron a causa del Covid -19 la Fundaci\u00f3n Colombianitos mantuvo su objetivo de manera innovadora de seguir usando el deporte como una herramienta de transformaci\u00f3n social en ni\u00f1os, ni\u00f1as y j\u00f3venes de comunidades vulnerables. Durante el a\u00f1o 2020 la Fundaci\u00f3n Colombianitos, fundada hace 19 a\u00f1os por Angela Patricia Janiot, impact\u00f3 [&hellip;]<\/p>","protected":false},"author":4,"featured_media":8465,"comment_status":"closed","ping_status":"open","sticky":false,"template":"","format":"standard","meta":{"nf_dc_page":"","_et_pb_use_builder":"on","_et_pb_old_content":"<!-- wp:paragraph -->\r\n<p>Ante los retos que se presentaron a causa del Covid -19 la Fundaci\u00f3n Colombianitos mantuvo su objetivo de manera innovadora de seguir usando el deporte como una herramienta de transformaci\u00f3n social en ni\u00f1os, ni\u00f1as y j\u00f3venes de comunidades vulnerables.\u00a0<\/p>\r\n<!-- \/wp:paragraph --><!-- wp:paragraph -->\r\n<p>Durante el a\u00f1o 2020 la Fundaci\u00f3n Colombianitos, fundada hace 19 a\u00f1os por Angela Patricia Janiot, impact\u00f3 a m\u00e1s de 10.719 beneficiarios, entre ni\u00f1os, ni\u00f1as, adolescentes, padres de familia y docentes, en los diferentes proyectos que se adelantaron en distintas zonas del pa\u00eds.<\/p>\r\n<!-- \/wp:paragraph --><!-- wp:paragraph -->\r\n<p>10.442 fueron menores de edad, de los cuales 5.397 fueron ni\u00f1os y 5.045 fueron ni\u00f1as, de ellos 1.761 son afrodescendientes, 438 campesinos y 53 migrantes. De los beneficiarios 87 fueron padres de familia y 190 docentes.<\/p>\r\n<!-- \/wp:paragraph --><!-- wp:image {\"align\":\"left\",\"id\":7900,\"width\":303,\"height\":303,\"sizeSlug\":\"large\"} -->\r\n<div class=\"wp-block-image\">\r\n<figure class=\"alignleft size-large is-resized\"><img class=\"wp-image-7900\" src=\"http:\/\/box2392.temp.domains\/~colombt6-content\/uploads\/2021\/01\/Ep0N7KXXUAIUh4Z-1.jpg\" alt=\"\" width=\"303\" height=\"303\" \/><\/figure>\r\n<\/div>\r\n<!-- \/wp:image --><!-- wp:paragraph -->\r\n<p>Seg\u00fan Gladys Sanmiguel, Directora Ejecutiva de la Fundaci\u00f3n Colombianitos, el balance durante este a\u00f1o de pandemia fue positivo, la atenci\u00f3n a los beneficiarios se mantuvo, se reinventaron varios procesos y se implementaron estrategias desde la virtualidad para llegar a los menores de edad, involucrando a los padres de familia a trav\u00e9s de conferencias virtuales con expertos y fichas pedag\u00f3gicas enviadas a todos los hogares por parte de los docentes.<\/p>\r\n<!-- \/wp:paragraph --><!-- wp:paragraph -->\r\n<p><strong>Logros por proyectos<\/strong><\/p>\r\n<!-- \/wp:paragraph --><!-- wp:paragraph -->\r\n<p>Entre los logros alcanzados en los diferentes proyectos se destaca la cobertura que tuvo el proyecto de Ecopetrol, desarrollado en los municipios de Acac\u00edas, Castilla La Nueva y Guamal, en el departamento del Meta, beneficiando a 7.480 ni\u00f1os y 139 docentes, quienes continuaron los procesos educativos de manera virtual desde sus hogares.\u00a0<\/p>\r\n<!-- \/wp:paragraph --><!-- wp:paragraph -->\r\n<p>Gracias a la alianza entre la Fundaci\u00f3n Colombianitos y Kimberly Clark Colombia, que permite desarrollar estrategias educativas sobre temas ambientales y desarrollo sostenible en los municipios de Barbosa, Puerto Tejada y Tocancip\u00e1, durante este a\u00f1o participaron 1.000 ni\u00f1as, ni\u00f1os, j\u00f3venes y 36 docentes durante la ejecuci\u00f3n de actividades. Durante 15 a\u00f1os este proyecto ha beneficiado a m\u00e1s de 22 mil menores de edad.<\/p>\r\n<!-- \/wp:paragraph --><!-- wp:paragraph -->\r\n<p>Por otra parte, en el proyecto con Laureus que aborda tem\u00e1ticas educativas en Equidad de G\u00e9nero a trav\u00e9s de pr\u00e1cticas y actividades deportivas, m\u00e1s de 845 ni\u00f1os fueron beneficiados. Y gracias a la alianza con DIRECTV, fueron favorecidos 84 menores, 70 padres de familia, en actividades deportivas y donaciones, adem\u00e1s de los 300 ni\u00f1os, ni\u00f1as y j\u00f3venes de la Isla de providencia que recibieron regalos en navidad.<\/p>\r\n<!-- \/wp:paragraph --><!-- wp:image {\"id\":7904,\"width\":590,\"height\":265,\"sizeSlug\":\"large\"} -->\r\n<figure class=\"wp-block-image size-large is-resized\"><img class=\"wp-image-7904\" src=\"http:\/\/box2392.temp.domains\/~colombt6-content\/uploads\/2021\/01\/20201113_141644-1-1024x461.jpg\" alt=\"\" width=\"590\" height=\"265\" \/><\/figure>\r\n<!-- \/wp:image --><!-- wp:paragraph -->\r\n<p>En medio del confinamiento y las cuarentenas, fue necesario experimentar nuevas estrategias para atender no s\u00f3lo las necesidades de las poblaciones o comunidades vulnerables, sino que fueran capaces de adaptarse a la nueva realidad del autocuidado, del cumplimiento de protocolos de bioseguridad y el aislamiento preventivo.<\/p>\r\n<!-- \/wp:paragraph --><!-- wp:paragraph -->\r\n<p>\u201cApoyamos la labor docente con el dise\u00f1o y entrega de actividades pedag\u00f3gicas virtuales y v\u00eddeos deportivos para ser desarrolladas en las clases de educaci\u00f3n F\u00edsica y \u00c9tica. \u00a0Desarrollamos fichas pedag\u00f3gicas en modalidad virtual de cada uno de nuestros programas a trav\u00e9s de retos y actividades que promov\u00edan la actividad f\u00edsica y las habilidades para la vida, estos pod\u00edan ser implementados con materiales en casa e invitaba a la participaci\u00f3n de la familia\u201d, explic\u00f3 Gladys Sanmiguel.<\/p>\r\n<!-- \/wp:paragraph --><!-- wp:paragraph -->\r\n<p>Adem\u00e1s, durante todo el a\u00f1o se mantuvo el trabajo de capacidad instalada en las instituciones educativas y las comunidades a trav\u00e9s de capacitaciones virtuales que se realizaron a docentes, l\u00edderes comunitarios y profesionales deportivos.<\/p>\r\n<!-- \/wp:paragraph --><!-- wp:paragraph -->\r\n<p><strong>Grandes actividades de fin de a\u00f1o<\/strong><\/p>\r\n<!-- \/wp:paragraph --><!-- wp:paragraph -->\r\n<p>Como cierre de a\u00f1o y para celebrar la navidad con distintos grupos beneficiarios en distintas regiones del pa\u00eds, se realizaron tres grandes actividades con importantes aliados.<\/p>\r\n<!-- \/wp:paragraph --><!-- wp:paragraph -->\r\n<p>La primera se desarroll\u00f3 en Bogot\u00e1 en la sede de Ciudad Bol\u00edvar, all\u00ed con apoyo del Transmilenio, Cablem\u00f3vil y la alcald\u00eda local, se entregaron m\u00e1s de 100 regalos de navidad a los ni\u00f1os, ni\u00f1as y menores de edad, beneficiarios de la Fundaci\u00f3n, en una jornada con actividades recreativas y l\u00fadicas.<\/p>\r\n<!-- \/wp:paragraph --><!-- wp:paragraph -->\r\n<p>Luego en la vereda de Bocas de Salisb\u00ed en Tumaco, Nari\u00f1o, con apoyo del Ejercito Nacional se logr\u00f3 reconstruir la escuela de la zona que estaba en precarias condiciones, con una inversi\u00f3n cercana a los 600 millones de pesos, se compraron materiales de construcci\u00f3n para remodelar y reforzar la infraestructura de la escuela y dotarla con todo lo necesario para garantizar los procesos acad\u00e9micos de m\u00e1s de 250 ni\u00f1os durante un a\u00f1o. Adem\u00e1s, a estos menores de edad se le hizo la entrega de regalos para celebrar la navidad.\u00a0<\/p>\r\n<!-- \/wp:paragraph --><!-- wp:paragraph -->\r\n<p>Por \u00faltimo, se realiz\u00f3 una jornada marat\u00f3nica en compa\u00f1\u00eda de DIRECTV y el Ej\u00e9rcito Nacional por la Isla de Providencia, para entregar m\u00e1s de 300 regalos y mercados a damnificados por el paso del hurac\u00e1n Iota. All\u00ed a cada ni\u00f1o y ni\u00f1a se le hizo la entrega de un kit de aseo y otro escolar, mudas de ropa nueva y juguetes de alta gama.<\/p>\r\n<!-- \/wp:paragraph --><!-- wp:paragraph -->\r\n<p>\u201cNos sentimos muy orgullosos de poder llegar donde est\u00e1n los ni\u00f1os y ni\u00f1as m\u00e1s vulnerables del pa\u00eds, esperamos seguir con estas actividades en zonas apartadas, de la mano de las autoridades locales\u201d, indic\u00f3 la Directora Ejecutiva.<\/p>\r\n<!-- \/wp:paragraph --><!-- wp:paragraph -->\r\n<p>Adem\u00e1s, en \u00e9poca de confinamiento se apoy\u00f3 a m\u00e1s de 720 familias con entrega de mercados y se hizo un trabajo coordinado para fomentar en ni\u00f1os, ni\u00f1as y j\u00f3venes h\u00e1bitos de auto cuidado generando consciencia de la importancia de cuidarnos en \u00e9poca de pandemia.<\/p>\r\n<!-- \/wp:paragraph --><!-- wp:paragraph -->\r\n<p>De esta forma la Fundaci\u00f3n Colombianitos continua como una organizaci\u00f3n l\u00edder en el pa\u00eds con m\u00e1s de 19 a\u00f1os de experiencia en el uso del deporte como herramienta de transformaci\u00f3n social, una apuesta de su fundadora, la directora y toda la junta directiva.<\/p>\r\n<!-- \/wp:paragraph --><!-- wp:paragraph -->\r\n<p>\u00a0<\/p>\r\n<!-- \/wp:paragraph -->","_et_gb_content_width":"","om_disable_all_campaigns":false,"_monsterinsights_skip_tracking":false,"_monsterinsights_sitenote_active":false,"_monsterinsights_sitenote_note":"","_monsterinsights_sitenote_category":0,"_jetpack_memberships_contains_paid_content":false,"footnotes":""},"categories":[7],"tags":[38,39,22,17,35,33],"class_list":["post-7897","post","type-post","status-publish","format-standard","has-post-thumbnail","hentry","category-noticias","tag-balance-final","tag-bneficiarios","tag-ciudad-bolivar","tag-fundacion-colombianitos","tag-providencia","tag-tumaco"],"aioseo_notices":[],"jetpack_featured_media_url":"https:\/\/i0.wp.com\/www.colombianitos.org\/wp-content\/uploads\/2021\/01\/WhatsApp-Image-2020-12-24-at-10.05.34-AM-2-825x510-1.jpeg?fit=825%2C510&ssl=1","jetpack_sharing_enabled":true,"_links":{"self":[{"href":"https:\/\/www.colombianitos.org\/en\/wp-json\/wp\/v2\/posts\/7897","targetHints":{"allow":["GET"]}}],"collection":[{"href":"https:\/\/www.colombianitos.org\/en\/wp-json\/wp\/v2\/posts"}],"about":[{"href":"https:\/\/www.colombianitos.org\/en\/wp-json\/wp\/v2\/types\/post"}],"author":[{"embeddable":true,"href":"https:\/\/www.colombianitos.org\/en\/wp-json\/wp\/v2\/users\/4"}],"replies":[{"embeddable":true,"href":"https:\/\/www.colombianitos.org\/en\/wp-json\/wp\/v2\/comments?post=7897"}],"version-history":[{"count":5,"href":"https:\/\/www.colombianitos.org\/en\/wp-json\/wp\/v2\/posts\/7897\/revisions"}],"predecessor-version":[{"id":8470,"href":"https:\/\/www.colombianitos.org\/en\/wp-json\/wp\/v2\/posts\/7897\/revisions\/8470"}],"wp:featuredmedia":[{"embeddable":true,"href":"https:\/\/www.colombianitos.org\/en\/wp-json\/wp\/v2\/media\/8465"}],"wp:attachment":[{"href":"https:\/\/www.colombianitos.org\/en\/wp-json\/wp\/v2\/media?parent=7897"}],"wp:term":[{"taxonomy":"category","embeddable":true,"href":"https:\/\/www.colombianitos.org\/en\/wp-json\/wp\/v2\/categories?post=7897"},{"taxonomy":"post_tag","embeddable":true,"href":"https:\/\/www.colombianitos.org\/en\/wp-json\/wp\/v2\/tags?post=7897"}],"curies":[{"name":"wp","href":"https:\/\/api.w.org\/{rel}","templated":true}]}}