{"id":7869,"date":"2020-12-24T12:41:35","date_gmt":"2020-12-24T17:41:35","guid":{"rendered":"https:\/\/colombianitos.org\/?p=7869"},"modified":"2021-05-13T04:41:35","modified_gmt":"2021-05-13T04:41:35","slug":"sonrisas-y-regalos-para-mas-de-300-ninos-en-providencia","status":"publish","type":"post","link":"https:\/\/www.colombianitos.org\/en\/sonrisas-y-regalos-para-mas-de-300-ninos-en-providencia\/","title":{"rendered":"Sonrisas y regalos para m\u00e1s de 300 ni\u00f1os en Providencia"},"content":{"rendered":"<body>[et_pb_section fb_built=\u201d1\u2033 _builder_version=\u201d3.22\u2033 da_is_popup=\u201doff\u201d da_exit_intent=\u201doff\u201d da_has_close=\u201don\u201d da_alt_close=\u201doff\u201d da_dark_close=\u201doff\u201d da_not_modal=\u201don\u201d da_is_singular=\u201doff\u201d da_with_loader=\u201doff\u201d da_has_shadow=\u201don\u201d da_disable_devices=\u201doff|off|off\u201d][et_pb_row _builder_version=\u201d3.25\u2033 background_size=\u201dinitial\u201d background_position=\u201dtop_left\u201d background_repeat=\u201drepeat\u201d][et_pb_column type=\u201d4_4\u2033 _builder_version=\u201d3.25\u2033 custom_padding=\u201d|||\u201d custom_padding__hover=\u201d|||\u201d][et_pb_text _builder_version=\u201d3.27.4\u2033 background_size=\u201dinitial\u201d background_position=\u201dtop_left\u201d background_repeat=\u201drepeat\u201d]\n<p>En medio de la destrucci\u00f3n y la desolaci\u00f3n, la Fundaci\u00f3n Colombianitos con el apoyo del Ej\u00e9rcito Nacional y DIRECTV lleg\u00f3 a la isla de Providencia para celebrar la navidad con la entrega de regalos para ni\u00f1os y ni\u00f1as que desafortunadamente lo perdieron todo tras el paso del hurac\u00e1n Iota<\/p>\n\n\n\n<p>M\u00e1s de 300 colombianitos en cinco zonas de la isla disfrutaron de las pistas de carros, robots, mu\u00f1ecas que cantan, mudas de ropa nueva, \u00fatiles de aseo y morrales con kit escolar para hacer manualidades.<\/p>\n\n\n\n<div class=\"wp-block-image\">\n<figure class=\"alignright size-large is-resized\"><img data-recalc-dims=\"1\" decoding=\"async\" class=\"wp-image-7882\" src=\"https:\/\/i0.wp.com\/box2392.temp.domains\/~colombt6-content\/uploads\/2020\/12\/WhatsApp-Image-2020-12-24-at-12.33.36-PM-1024x682.jpeg?resize=355%2C235\" alt=\"\" width=\"355\" height=\"235\" loading=\"lazy\">\n<figcaption><em>Colombianitos de Providencia disfrutando de sus regalos<\/em><\/figcaption>\n<\/figure>\n<\/div>\n\n\n\n<p>Seg\u00fan Gladys Sanmiguel, Directora Ejecutiva de la Fundaci\u00f3n Colombianitos, esta iniciativa cont\u00f3 con aliados importantes, que desde el principio coincidieron con un objetivo en com\u00fan, transformar el miedo de los ni\u00f1os y ni\u00f1as por sonrisas y alegr\u00edas en esta \u00e9poca.<\/p>\n\n\n\n<p>Para garantizar la entrega de las ayudas humanitarias y atender la emergencia, la isla fue dividida en nueve zonas, cinco de estas fueron asignadas al Ej\u00e9rcito Nacional, que mediante un batall\u00f3n brinda atenci\u00f3n integral y social a los habitantes para remover escombros y superar los efectos psicol\u00f3gicos de la tragedia, explic\u00f3 el Brigadier General, Omar Esteban Sep\u00falveda.<\/p>\n\n\n\n<p>De acuerdo con el Ej\u00e9rcito, a la fecha ya se han removido m\u00e1s de 7.700 toneladas de escombros, lo que representa un avance del 57% en esta tarea, se han realizado 644 vuelos para transportar personas y carga con ayudas humanitarias. \u00a0<\/p>\n\n\n\n<div class=\"wp-block-image\">\n<figure class=\"alignleft size-large is-resized\"><img data-recalc-dims=\"1\" decoding=\"async\" class=\"wp-image-7886\" src=\"https:\/\/i0.wp.com\/box2392.temp.domains\/~colombt6-content\/uploads\/2020\/12\/WhatsApp-Image-2020-12-24-at-12.33.36-PM-1-1-1024x704.jpeg?resize=339%2C232\" alt=\"\" width=\"339\" height=\"232\" loading=\"lazy\"><\/figure>\n<\/div>\n\n\n\n<p>Por su parte el alcalde de Providencia, Norberto Gari Hooker, tambi\u00e9n se refiri\u00f3 a la jornada de entrega de regalos \u201cQuiero agradecer al Ej\u00e9rcito Nacional, a la Fundaci\u00f3n Colombianitos y a DIRECTV por estar haciendo presencia en los diferentes sectores de la isla, llev\u00e1ndoles una sonrisa a cada uno de los ni\u00f1os en esta navidad a pesar de lo que se vivi\u00f3\u201d.<\/p>\n\n\n\n<p>Adicional cada familia recibi\u00f3 un mercado con alimentos no perecederos que fueron entregados en los cinco puntos dispuestos por el Ej\u00e9rcito Nacional.<\/p>\n\n\n\n<p>\u201cLa idea es que en esta navidad ning\u00fan ni\u00f1o se quede sin regalo y que ning\u00fan ni\u00f1o este asustado o triste por lo que les pas\u00f3, con regalos y de cosas que ellos necesitan para estar bien\u201d, agreg\u00f3 la directora Sanmiguel.<\/p>\n\n\n\n<p>De esta forma la Fundaci\u00f3n Colombianitos continua en su labor constante de atenci\u00f3n a los ni\u00f1os y ni\u00f1as en todo el territorio nacional, que permite mejorar las condiciones vulnerables en las que se encuentran los colombianitos.<\/p>\n\n\n\n<p>\u00a0<\/p>\n\n[\/et_pb_text][\/et_pb_column][\/et_pb_row][\/et_pb_section]<\/body>","protected":false},"excerpt":{"rendered":"<p>En medio de la destrucci\u00f3n y la desolaci\u00f3n, la Fundaci\u00f3n Colombianitos con el apoyo del Ej\u00e9rcito Nacional y DIRECTV lleg\u00f3 a la isla de Providencia para celebrar la navidad con la entrega de regalos para ni\u00f1os y ni\u00f1as que desafortunadamente lo perdieron todo tras el paso del hurac\u00e1n Iota M\u00e1s de 300 colombianitos en cinco [&hellip;]<\/p>","protected":false},"author":4,"featured_media":8475,"comment_status":"closed","ping_status":"open","sticky":false,"template":"","format":"standard","meta":{"nf_dc_page":"","_et_pb_use_builder":"on","_et_pb_old_content":"<!-- wp:paragraph -->\r\n<p>En medio de la destrucci\u00f3n y la desolaci\u00f3n, la Fundaci\u00f3n Colombianitos con el apoyo del Ej\u00e9rcito Nacional y DIRECTV lleg\u00f3 a la isla de Providencia para celebrar la navidad con la entrega de regalos para ni\u00f1os y ni\u00f1as que desafortunadamente lo perdieron todo tras el paso del hurac\u00e1n Iota<\/p>\r\n<!-- \/wp:paragraph --><!-- wp:paragraph -->\r\n<p>M\u00e1s de 300 colombianitos en cinco zonas de la isla disfrutaron de las pistas de carros, robots, mu\u00f1ecas que cantan, mudas de ropa nueva, \u00fatiles de aseo y morrales con kit escolar para hacer manualidades.<\/p>\r\n<!-- \/wp:paragraph --><!-- wp:image {\"align\":\"right\",\"id\":7882,\"width\":355,\"height\":235,\"sizeSlug\":\"large\"} -->\r\n<div class=\"wp-block-image\">\r\n<figure class=\"alignright size-large is-resized\"><img class=\"wp-image-7882\" src=\"http:\/\/box2392.temp.domains\/~colombt6-content\/uploads\/2020\/12\/WhatsApp-Image-2020-12-24-at-12.33.36-PM-1024x682.jpeg\" alt=\"\" width=\"355\" height=\"235\" \/>\r\n<figcaption><em>Colombianitos de Providencia disfrutando de sus regalos<\/em><\/figcaption>\r\n<\/figure>\r\n<\/div>\r\n<!-- \/wp:image --><!-- wp:paragraph -->\r\n<p>Seg\u00fan Gladys Sanmiguel, Directora Ejecutiva de la Fundaci\u00f3n Colombianitos, esta iniciativa cont\u00f3 con aliados importantes, que desde el principio coincidieron con un objetivo en com\u00fan, transformar el miedo de los ni\u00f1os y ni\u00f1as por sonrisas y alegr\u00edas en esta \u00e9poca.<\/p>\r\n<!-- \/wp:paragraph --><!-- wp:paragraph -->\r\n<p>Para garantizar la entrega de las ayudas humanitarias y atender la emergencia, la isla fue dividida en nueve zonas, cinco de estas fueron asignadas al Ej\u00e9rcito Nacional, que mediante un batall\u00f3n brinda atenci\u00f3n integral y social a los habitantes para remover escombros y superar los efectos psicol\u00f3gicos de la tragedia, explic\u00f3 el Brigadier General, Omar Esteban Sep\u00falveda.<\/p>\r\n<!-- \/wp:paragraph --><!-- wp:paragraph -->\r\n<p>De acuerdo con el Ej\u00e9rcito, a la fecha ya se han removido m\u00e1s de 7.700 toneladas de escombros, lo que representa un avance del 57% en esta tarea, se han realizado 644 vuelos para transportar personas y carga con ayudas humanitarias. \u00a0<\/p>\r\n<!-- \/wp:paragraph --><!-- wp:image {\"align\":\"left\",\"id\":7886,\"width\":339,\"height\":232,\"sizeSlug\":\"large\"} -->\r\n<div class=\"wp-block-image\">\r\n<figure class=\"alignleft size-large is-resized\"><img class=\"wp-image-7886\" src=\"http:\/\/box2392.temp.domains\/~colombt6-content\/uploads\/2020\/12\/WhatsApp-Image-2020-12-24-at-12.33.36-PM-1-1-1024x704.jpeg\" alt=\"\" width=\"339\" height=\"232\" \/><\/figure>\r\n<\/div>\r\n<!-- \/wp:image --><!-- wp:paragraph -->\r\n<p>Por su parte el alcalde de Providencia, Norberto Gari Hooker, tambi\u00e9n se refiri\u00f3 a la jornada de entrega de regalos \u201cQuiero agradecer al Ej\u00e9rcito Nacional, a la Fundaci\u00f3n Colombianitos y a DIRECTV por estar haciendo presencia en los diferentes sectores de la isla, llev\u00e1ndoles una sonrisa a cada uno de los ni\u00f1os en esta navidad a pesar de lo que se vivi\u00f3\u201d.<\/p>\r\n<!-- \/wp:paragraph --><!-- wp:paragraph -->\r\n<p>Adicional cada familia recibi\u00f3 un mercado con alimentos no perecederos que fueron entregados en los cinco puntos dispuestos por el Ej\u00e9rcito Nacional.<\/p>\r\n<!-- \/wp:paragraph --><!-- wp:paragraph -->\r\n<p>\u201cLa idea es que en esta navidad ning\u00fan ni\u00f1o se quede sin regalo y que ning\u00fan ni\u00f1o este asustado o triste por lo que les pas\u00f3, con regalos y de cosas que ellos necesitan para estar bien\u201d, agreg\u00f3 la directora Sanmiguel.<\/p>\r\n<!-- \/wp:paragraph --><!-- wp:paragraph -->\r\n<p>De esta forma la Fundaci\u00f3n Colombianitos continua en su labor constante de atenci\u00f3n a los ni\u00f1os y ni\u00f1as en todo el territorio nacional, que permite mejorar las condiciones vulnerables en las que se encuentran los colombianitos.<\/p>\r\n<!-- \/wp:paragraph --><!-- wp:paragraph -->\r\n<p>\u00a0<\/p>\r\n<!-- \/wp:paragraph -->","_et_gb_content_width":"","om_disable_all_campaigns":false,"_monsterinsights_skip_tracking":false,"_monsterinsights_sitenote_active":false,"_monsterinsights_sitenote_note":"","_monsterinsights_sitenote_category":0,"_jetpack_memberships_contains_paid_content":false,"footnotes":""},"categories":[7],"tags":[17,37,23,29],"class_list":["post-7869","post","type-post","status-publish","format-standard","has-post-thumbnail","hentry","category-noticias","tag-fundacion-colombianitos","tag-mercados","tag-navidad","tag-regalos"],"aioseo_notices":[],"jetpack_featured_media_url":"https:\/\/i0.wp.com\/www.colombianitos.org\/wp-content\/uploads\/2020\/12\/WhatsApp-Image-2020-12-24-at-10.05.34-AM-825x510-1.jpeg?fit=825%2C510&ssl=1","jetpack_sharing_enabled":true,"_links":{"self":[{"href":"https:\/\/www.colombianitos.org\/en\/wp-json\/wp\/v2\/posts\/7869","targetHints":{"allow":["GET"]}}],"collection":[{"href":"https:\/\/www.colombianitos.org\/en\/wp-json\/wp\/v2\/posts"}],"about":[{"href":"https:\/\/www.colombianitos.org\/en\/wp-json\/wp\/v2\/types\/post"}],"author":[{"embeddable":true,"href":"https:\/\/www.colombianitos.org\/en\/wp-json\/wp\/v2\/users\/4"}],"replies":[{"embeddable":true,"href":"https:\/\/www.colombianitos.org\/en\/wp-json\/wp\/v2\/comments?post=7869"}],"version-history":[{"count":2,"href":"https:\/\/www.colombianitos.org\/en\/wp-json\/wp\/v2\/posts\/7869\/revisions"}],"predecessor-version":[{"id":8476,"href":"https:\/\/www.colombianitos.org\/en\/wp-json\/wp\/v2\/posts\/7869\/revisions\/8476"}],"wp:featuredmedia":[{"embeddable":true,"href":"https:\/\/www.colombianitos.org\/en\/wp-json\/wp\/v2\/media\/8475"}],"wp:attachment":[{"href":"https:\/\/www.colombianitos.org\/en\/wp-json\/wp\/v2\/media?parent=7869"}],"wp:term":[{"taxonomy":"category","embeddable":true,"href":"https:\/\/www.colombianitos.org\/en\/wp-json\/wp\/v2\/categories?post=7869"},{"taxonomy":"post_tag","embeddable":true,"href":"https:\/\/www.colombianitos.org\/en\/wp-json\/wp\/v2\/tags?post=7869"}],"curies":[{"name":"wp","href":"https:\/\/api.w.org\/{rel}","templated":true}]}}