{"id":7836,"date":"2020-12-19T19:37:32","date_gmt":"2020-12-20T00:37:32","guid":{"rendered":"https:\/\/colombianitos.org\/?p=7836"},"modified":"2021-05-13T04:56:45","modified_gmt":"2021-05-13T04:56:45","slug":"mas-de-300-ninos-de-providencia-celebraran-la-navidad-con-la-fundacion-colombianitos","status":"publish","type":"post","link":"https:\/\/www.colombianitos.org\/en\/mas-de-300-ninos-de-providencia-celebraran-la-navidad-con-la-fundacion-colombianitos\/","title":{"rendered":"M\u00e1s de 300 ni\u00f1os de Providencia celebrar\u00e1n la Navidad con la Fundaci\u00f3n Colombianitos"},"content":{"rendered":"<body>[et_pb_section fb_built=\u201d1\u2033 _builder_version=\u201d3.22\u2033 da_is_popup=\u201doff\u201d da_exit_intent=\u201doff\u201d da_has_close=\u201don\u201d da_alt_close=\u201doff\u201d da_dark_close=\u201doff\u201d da_not_modal=\u201don\u201d da_is_singular=\u201doff\u201d da_with_loader=\u201doff\u201d da_has_shadow=\u201don\u201d da_disable_devices=\u201doff|off|off\u201d][et_pb_row _builder_version=\u201d3.25\u2033 background_size=\u201dinitial\u201d background_position=\u201dtop_left\u201d background_repeat=\u201drepeat\u201d][et_pb_column type=\u201d4_4\u2033 _builder_version=\u201d3.25\u2033 custom_padding=\u201d|||\u201d custom_padding__hover=\u201d|||\u201d][et_pb_text _builder_version=\u201d3.27.4\u2033 background_size=\u201dinitial\u201d background_position=\u201dtop_left\u201d background_repeat=\u201drepeat\u201d]\n<p>Con el apoyo del Ej\u00e9rcito Nacional y DIRECTV, la Fundaci\u00f3n Colombianitos viajar\u00e1 este martes 22 de diciembre a Providencia para entregar m\u00e1s de 300 regalos a los ni\u00f1os y ni\u00f1as en esta navidad, tras perderlo todo a causa del hurac\u00e1n Iota.<\/p>\n\n\n\n<p>La isla fue dividida en nueve zonas para garantizar la entrega de las ayudas humanitarias y atender la emergencia, cinco de estas zonas fueron asignadas al Ej\u00e9rcito Nacional, que mediante un batall\u00f3n brinda atenci\u00f3n integral y social a los menores de edad para superar los efectos psicol\u00f3gicos de la tragedia.<\/p>\n\n\n\n<p>La Fundaci\u00f3n Colombianitos har\u00e1 presencia en estas cinco zonas para hacer la entrega de los regalos y participar de jornadas pedag\u00f3gicas, jugando futbol con los ni\u00f1os, de acuerdo a las metodolog\u00edas de la fundaci\u00f3n.<\/p>\n\n\n\n<figure class=\"wp-block-image size-large\"><img data-recalc-dims=\"1\" height=\"768\" width=\"1024\" decoding=\"async\" class=\"wp-image-7839\" src=\"https:\/\/i0.wp.com\/box2392.temp.domains\/~colombt6-content\/uploads\/2020\/12\/WhatsApp-Image-2020-12-19-at-2.46.02-PM-1024x768.jpeg?resize=1024%2C768\" alt=\"\" loading=\"lazy\"><\/figure>\n\n\n\n<p>Cada ni\u00f1o recibir\u00e1 una caja pl\u00e1stica con dos mudas de ropa, \u00fatiles de aseo, un morral con kit para hacer manualidades, kit escolar y un juguete de gama alta.<\/p>\n\n\n\n<p>\u201cLa idea es que en esta navidad ning\u00fan ni\u00f1o se quede sin regalo y que ning\u00fan ni\u00f1o este asustado o triste por lo que les pas\u00f3, queremos llevarles un d\u00eda de esparcimiento, con regalos y de cosas que ellos necesitan para estar bien\u201d, asegura Gladys Sanmiguel, Directora Ejecutiva de la Fundaci\u00f3n Colombianitos.<\/p>\n\n\n\n<p>Todo se hace con el apoyo del Ej\u00e9rcito Nacional quienes velan por la seguridad, protecci\u00f3n y bienestar de los habitantes de la isla y los asistentes.<\/p>\n\n[\/et_pb_text][\/et_pb_column][\/et_pb_row][\/et_pb_section]<\/body>","protected":false},"excerpt":{"rendered":"<p>Con el apoyo del Ej\u00e9rcito Nacional y DIRECTV, la Fundaci\u00f3n Colombianitos viajar\u00e1 este martes 22 de diciembre a Providencia para entregar m\u00e1s de 300 regalos a los ni\u00f1os y ni\u00f1as en esta navidad, tras perderlo todo a causa del hurac\u00e1n Iota. La isla fue dividida en nueve zonas para garantizar la entrega de las ayudas [&hellip;]<\/p>","protected":false},"author":4,"featured_media":8481,"comment_status":"closed","ping_status":"open","sticky":false,"template":"","format":"standard","meta":{"nf_dc_page":"","_et_pb_use_builder":"on","_et_pb_old_content":"<!-- wp:paragraph -->\r\n<p>Con el apoyo del Ej\u00e9rcito Nacional y DIRECTV, la Fundaci\u00f3n Colombianitos viajar\u00e1 este martes 22 de diciembre a Providencia para entregar m\u00e1s de 300 regalos a los ni\u00f1os y ni\u00f1as en esta navidad, tras perderlo todo a causa del hurac\u00e1n Iota.<\/p>\r\n<!-- \/wp:paragraph --><!-- wp:paragraph -->\r\n<p>La isla fue dividida en nueve zonas para garantizar la entrega de las ayudas humanitarias y atender la emergencia, cinco de estas zonas fueron asignadas al Ej\u00e9rcito Nacional, que mediante un batall\u00f3n brinda atenci\u00f3n integral y social a los menores de edad para superar los efectos psicol\u00f3gicos de la tragedia.<\/p>\r\n<!-- \/wp:paragraph --><!-- wp:paragraph -->\r\n<p>La Fundaci\u00f3n Colombianitos har\u00e1 presencia en estas cinco zonas para hacer la entrega de los regalos y participar de jornadas pedag\u00f3gicas, jugando futbol con los ni\u00f1os, de acuerdo a las metodolog\u00edas de la fundaci\u00f3n.<\/p>\r\n<!-- \/wp:paragraph --><!-- wp:image {\"id\":7839,\"sizeSlug\":\"large\"} -->\r\n<figure class=\"wp-block-image size-large\"><img class=\"wp-image-7839\" src=\"http:\/\/box2392.temp.domains\/~colombt6-content\/uploads\/2020\/12\/WhatsApp-Image-2020-12-19-at-2.46.02-PM-1024x768.jpeg\" alt=\"\" \/><\/figure>\r\n<!-- \/wp:image --><!-- wp:paragraph -->\r\n<p>Cada ni\u00f1o recibir\u00e1 una caja pl\u00e1stica con dos mudas de ropa, \u00fatiles de aseo, un morral con kit para hacer manualidades, kit escolar y un juguete de gama alta.<\/p>\r\n<!-- \/wp:paragraph --><!-- wp:paragraph -->\r\n<p>\u201cLa idea es que en esta navidad ning\u00fan ni\u00f1o se quede sin regalo y que ning\u00fan ni\u00f1o este asustado o triste por lo que les pas\u00f3, queremos llevarles un d\u00eda de esparcimiento, con regalos y de cosas que ellos necesitan para estar bien\u201d, asegura Gladys Sanmiguel, Directora Ejecutiva de la Fundaci\u00f3n Colombianitos.<\/p>\r\n<!-- \/wp:paragraph --><!-- wp:paragraph -->\r\n<p>Todo se hace con el apoyo del Ej\u00e9rcito Nacional quienes velan por la seguridad, protecci\u00f3n y bienestar de los habitantes de la isla y los asistentes.<\/p>\r\n<!-- \/wp:paragraph -->","_et_gb_content_width":"","om_disable_all_campaigns":false,"_monsterinsights_skip_tracking":false,"_monsterinsights_sitenote_active":false,"_monsterinsights_sitenote_note":"","_monsterinsights_sitenote_category":0,"_jetpack_memberships_contains_paid_content":false,"footnotes":""},"categories":[7],"tags":[17,34,23,35,29],"class_list":["post-7836","post","type-post","status-publish","format-standard","has-post-thumbnail","hentry","category-noticias","tag-fundacion-colombianitos","tag-huracan-iota","tag-navidad","tag-providencia","tag-regalos"],"aioseo_notices":[],"jetpack_featured_media_url":"https:\/\/i0.wp.com\/www.colombianitos.org\/wp-content\/uploads\/2020\/12\/WhatsApp-Image-2020-12-19-at-2.51.23-PM-825x510-1.jpeg?fit=825%2C510&ssl=1","jetpack_sharing_enabled":true,"_links":{"self":[{"href":"https:\/\/www.colombianitos.org\/en\/wp-json\/wp\/v2\/posts\/7836","targetHints":{"allow":["GET"]}}],"collection":[{"href":"https:\/\/www.colombianitos.org\/en\/wp-json\/wp\/v2\/posts"}],"about":[{"href":"https:\/\/www.colombianitos.org\/en\/wp-json\/wp\/v2\/types\/post"}],"author":[{"embeddable":true,"href":"https:\/\/www.colombianitos.org\/en\/wp-json\/wp\/v2\/users\/4"}],"replies":[{"embeddable":true,"href":"https:\/\/www.colombianitos.org\/en\/wp-json\/wp\/v2\/comments?post=7836"}],"version-history":[{"count":2,"href":"https:\/\/www.colombianitos.org\/en\/wp-json\/wp\/v2\/posts\/7836\/revisions"}],"predecessor-version":[{"id":8482,"href":"https:\/\/www.colombianitos.org\/en\/wp-json\/wp\/v2\/posts\/7836\/revisions\/8482"}],"wp:featuredmedia":[{"embeddable":true,"href":"https:\/\/www.colombianitos.org\/en\/wp-json\/wp\/v2\/media\/8481"}],"wp:attachment":[{"href":"https:\/\/www.colombianitos.org\/en\/wp-json\/wp\/v2\/media?parent=7836"}],"wp:term":[{"taxonomy":"category","embeddable":true,"href":"https:\/\/www.colombianitos.org\/en\/wp-json\/wp\/v2\/categories?post=7836"},{"taxonomy":"post_tag","embeddable":true,"href":"https:\/\/www.colombianitos.org\/en\/wp-json\/wp\/v2\/tags?post=7836"}],"curies":[{"name":"wp","href":"https:\/\/api.w.org\/{rel}","templated":true}]}}