{"id":7827,"date":"2020-12-19T14:01:54","date_gmt":"2020-12-19T19:01:54","guid":{"rendered":"https:\/\/colombianitos.org\/?p=7827"},"modified":"2021-05-13T05:13:04","modified_gmt":"2021-05-13T05:13:04","slug":"en-tumaco-los-ninos-celebraran-la-navidad-con-una-escuela-reconstruida","status":"publish","type":"post","link":"https:\/\/www.colombianitos.org\/en\/en-tumaco-los-ninos-celebraran-la-navidad-con-una-escuela-reconstruida\/","title":{"rendered":"En Tumaco la navidad llega con una escuela reconstruida"},"content":{"rendered":"<body>[et_pb_section fb_built=\u201d1\u2033 _builder_version=\u201d3.22\u2033 da_disable_devices=\u201doff|off|off\u201d da_is_popup=\u201doff\u201d da_exit_intent=\u201doff\u201d da_has_close=\u201don\u201d da_alt_close=\u201doff\u201d da_dark_close=\u201doff\u201d da_not_modal=\u201don\u201d da_is_singular=\u201doff\u201d da_with_loader=\u201doff\u201d da_has_shadow=\u201don\u201d][et_pb_row _builder_version=\u201d3.25\u2033 background_size=\u201dinitial\u201d background_position=\u201dtop_left\u201d background_repeat=\u201drepeat\u201d][et_pb_column type=\u201d4_4\u2033 _builder_version=\u201d3.25\u2033 custom_padding=\u201d|||\u201d custom_padding__hover=\u201d|||\u201d][et_pb_text _builder_version=\u201d3.27.4\u2033 background_size=\u201dinitial\u201d background_position=\u201dtop_left\u201d background_repeat=\u201drepeat\u201d]\n<p>El 21 de diciembre la Fundaci\u00f3n Colombianitos con el apoyo del Ej\u00e9rcito Nacional estar\u00e1 entregando la reconstrucci\u00f3n de una de las escuelas que est\u00e1n deterioradas en una de las veredas aleda\u00f1as al R\u00edo Chag\u00fci en Tumaco, Nari\u00f1o, tras la ola de violencia y desplazamiento que ha sufrido la zona en los \u00faltimos tiempos.<\/p>\n\n\n\n<p>Los materiales para la reconstrucci\u00f3n fueron gestionados por la Fundaci\u00f3n Colombianitos, y gracias a la colaboraci\u00f3n del Ej\u00e9rcito Nacional fueron transportados por tierra hasta Tumaco, all\u00ed a trav\u00e9s de lanchas y chalupas, los llevaron por el r\u00edo hasta el lugar donde se encuentra la deteriorada edificaci\u00f3n.<\/p>\n\n\n\n<p>Para Gladys Sanmiguel, Directora Ejecutiva De la Fundaci\u00f3n Colombianitos, esta iniciativa busca promover nuevas oportunidades a una regi\u00f3n con muchas necesidades. \u201cAdem\u00e1s de la intervenci\u00f3n del Estado y la fuerza p\u00fablica, es necesario el apoyo de entidades privadas que permitan llevar a esta regi\u00f3n programas que formen a los ni\u00f1os en valores para que enfrenten la desigualdad y la violencia. Nosotros queremos que estos ni\u00f1os tengan otras posibilidades de vida\u201d, asegura la directora.<\/p>\n\n\n\n<figure class=\"wp-block-image size-large\"><img data-recalc-dims=\"1\" decoding=\"async\" class=\"wp-image-7832\" src=\"https:\/\/i0.wp.com\/box2392.temp.domains\/~colombt6-content\/uploads\/2020\/12\/WhatsApp-Image-2020-12-19-at-10.48.38-AM.jpeg?w=1080\" alt=\"\" loading=\"lazy\">\n<figcaption><em>Escuela de una de las veredas aleda\u00f1as del R\u00edo Chag\u00fci en Tumaco, Nari\u00f1o<\/em><\/figcaption>\n<\/figure>\n\n\n\n<p>250 ni\u00f1os ser\u00e1n beneficiados con la reconstrucci\u00f3n de esta nueva escuela, que tuvo una inversi\u00f3n que supera los 600 millones de pesos.<\/p>\n\n\n\n<p>Sobre remodelaci\u00f3n se est\u00e1 haciendo el fortalecimiento de la estructura, dotaci\u00f3n de ba\u00f1os, techos, pisos, puertas, tableros, pupitres y el 21 de diciembre se har\u00e1 la entrega a la comunidad. Adicionalmente se deja todo el material escolar y did\u00e1ctico que garantice el funcionamiento de los programas acad\u00e9micos por un a\u00f1o.<\/p>\n\n\n\n<p>Adem\u00e1s de estrenar una nueva escuela, los ni\u00f1os de esta vereda del Tumaco recibir\u00e1n un kit escolar y regalos de navidad de alta gama, novedad para muchos de ellos, que nunca han recibido algo esta \u00e9poca.<\/p>\n\n\n\n<p>La participaci\u00f3n y el apoyo del Ej\u00e9rcito Nacional fue fundamental para lograr la reconstrucci\u00f3n y adecuaci\u00f3n de la que ser\u00e1 una nueva escuela para nuestros Colombianitos en las veredas del rio Chag\u00fci en Tumaco.<\/p>\n\n\n\n<p>La Fundaci\u00f3n Colombianitos es una organizaci\u00f3n con m\u00e1s de 19 a\u00f1os de experiencia, l\u00edder en Colombia en el uso del deporte como herramienta de transformaci\u00f3n social, por eso, esta nueva escuela que beneficiar\u00e1 a los ni\u00f1os que habitan en las veredas del R\u00edo Chag\u00fci dispondr\u00e1 de un instructor durante un a\u00f1o, para aplicar los programas de formaci\u00f3n en valores y cultura ciudadana que promueve la Fundaci\u00f3n.<\/p>\n\n[\/et_pb_text][\/et_pb_column][\/et_pb_row][\/et_pb_section]<\/body>","protected":false},"excerpt":{"rendered":"<p>El 21 de diciembre la Fundaci\u00f3n Colombianitos con el apoyo del Ej\u00e9rcito Nacional estar\u00e1 entregando la reconstrucci\u00f3n de una de las escuelas que est\u00e1n deterioradas en una de las veredas aleda\u00f1as al R\u00edo Chag\u00fci en Tumaco, Nari\u00f1o, tras la ola de violencia y desplazamiento que ha sufrido la zona en los \u00faltimos tiempos. Los materiales [&hellip;]<\/p>","protected":false},"author":4,"featured_media":8485,"comment_status":"closed","ping_status":"open","sticky":false,"template":"","format":"standard","meta":{"nf_dc_page":"","_et_pb_use_builder":"on","_et_pb_old_content":"<!-- wp:paragraph -->\r\n<p>El 21 de diciembre la Fundaci\u00f3n Colombianitos con el apoyo del Ej\u00e9rcito Nacional estar\u00e1 entregando la reconstrucci\u00f3n de una de las escuelas que est\u00e1n deterioradas en una de las veredas aleda\u00f1as al R\u00edo Chag\u00fci en Tumaco, Nari\u00f1o, tras la ola de violencia y desplazamiento que ha sufrido la zona en los \u00faltimos tiempos.<\/p>\r\n<!-- \/wp:paragraph --><!-- wp:paragraph -->\r\n<p>Los materiales para la reconstrucci\u00f3n fueron gestionados por la Fundaci\u00f3n Colombianitos, y gracias a la colaboraci\u00f3n del Ej\u00e9rcito Nacional fueron transportados por tierra hasta Tumaco, all\u00ed a trav\u00e9s de lanchas y chalupas, los llevaron por el r\u00edo hasta el lugar donde se encuentra la deteriorada edificaci\u00f3n.<\/p>\r\n<!-- \/wp:paragraph --><!-- wp:paragraph -->\r\n<p>Para Gladys Sanmiguel, Directora Ejecutiva De la Fundaci\u00f3n Colombianitos, esta iniciativa busca promover nuevas oportunidades a una regi\u00f3n con muchas necesidades. \u201cAdem\u00e1s de la intervenci\u00f3n del Estado y la fuerza p\u00fablica, es necesario el apoyo de entidades privadas que permitan llevar a esta regi\u00f3n programas que formen a los ni\u00f1os en valores para que enfrenten la desigualdad y la violencia. Nosotros queremos que estos ni\u00f1os tengan otras posibilidades de vida\u201d, asegura la directora.<\/p>\r\n<!-- \/wp:paragraph --><!-- wp:image {\"id\":7832,\"sizeSlug\":\"large\"} -->\r\n<figure class=\"wp-block-image size-large\"><img class=\"wp-image-7832\" src=\"http:\/\/box2392.temp.domains\/~colombt6-content\/uploads\/2020\/12\/WhatsApp-Image-2020-12-19-at-10.48.38-AM.jpeg\" alt=\"\" \/>\r\n<figcaption><em>Escuela de una de las veredas aleda\u00f1as del R\u00edo Chag\u00fci en Tumaco, Nari\u00f1o<\/em><\/figcaption>\r\n<\/figure>\r\n<!-- \/wp:image --><!-- wp:paragraph -->\r\n<p>250 ni\u00f1os ser\u00e1n beneficiados con la reconstrucci\u00f3n de esta nueva escuela, que tuvo una inversi\u00f3n que supera los 600 millones de pesos.<\/p>\r\n<!-- \/wp:paragraph --><!-- wp:paragraph -->\r\n<p>Sobre remodelaci\u00f3n se est\u00e1 haciendo el fortalecimiento de la estructura, dotaci\u00f3n de ba\u00f1os, techos, pisos, puertas, tableros, pupitres y el 21 de diciembre se har\u00e1 la entrega a la comunidad. Adicionalmente se deja todo el material escolar y did\u00e1ctico que garantice el funcionamiento de los programas acad\u00e9micos por un a\u00f1o.<\/p>\r\n<!-- \/wp:paragraph --><!-- wp:paragraph -->\r\n<p>Adem\u00e1s de estrenar una nueva escuela, los ni\u00f1os de esta vereda del Tumaco recibir\u00e1n un kit escolar y regalos de navidad de alta gama, novedad para muchos de ellos, que nunca han recibido algo esta \u00e9poca.<\/p>\r\n<!-- \/wp:paragraph --><!-- wp:paragraph -->\r\n<p>La participaci\u00f3n y el apoyo del Ej\u00e9rcito Nacional fue fundamental para lograr la reconstrucci\u00f3n y adecuaci\u00f3n de la que ser\u00e1 una nueva escuela para nuestros Colombianitos en las veredas del rio Chag\u00fci en Tumaco.<\/p>\r\n<!-- \/wp:paragraph --><!-- wp:paragraph -->\r\n<p>La Fundaci\u00f3n Colombianitos es una organizaci\u00f3n con m\u00e1s de 19 a\u00f1os de experiencia, l\u00edder en Colombia en el uso del deporte como herramienta de transformaci\u00f3n social, por eso, esta nueva escuela que beneficiar\u00e1 a los ni\u00f1os que habitan en las veredas del R\u00edo Chag\u00fci dispondr\u00e1 de un instructor durante un a\u00f1o, para aplicar los programas de formaci\u00f3n en valores y cultura ciudadana que promueve la Fundaci\u00f3n.<\/p>\r\n<!-- \/wp:paragraph -->","_et_gb_content_width":"","om_disable_all_campaigns":false,"_monsterinsights_skip_tracking":false,"_monsterinsights_sitenote_active":false,"_monsterinsights_sitenote_note":"","_monsterinsights_sitenote_category":0,"_jetpack_memberships_contains_paid_content":false,"footnotes":""},"categories":[7],"tags":[30,31,23,32,33],"class_list":["post-7827","post","type-post","status-publish","format-standard","has-post-thumbnail","hentry","category-noticias","tag-ejercito-nacional-colombia","tag-escuela","tag-navidad","tag-rio-chagui","tag-tumaco"],"aioseo_notices":[],"jetpack_featured_media_url":"https:\/\/i0.wp.com\/www.colombianitos.org\/wp-content\/uploads\/2020\/12\/WhatsApp-Image-2020-12-19-at-10.48.39-AM-1-825x510-1.jpeg?fit=825%2C510&ssl=1","jetpack_sharing_enabled":true,"_links":{"self":[{"href":"https:\/\/www.colombianitos.org\/en\/wp-json\/wp\/v2\/posts\/7827","targetHints":{"allow":["GET"]}}],"collection":[{"href":"https:\/\/www.colombianitos.org\/en\/wp-json\/wp\/v2\/posts"}],"about":[{"href":"https:\/\/www.colombianitos.org\/en\/wp-json\/wp\/v2\/types\/post"}],"author":[{"embeddable":true,"href":"https:\/\/www.colombianitos.org\/en\/wp-json\/wp\/v2\/users\/4"}],"replies":[{"embeddable":true,"href":"https:\/\/www.colombianitos.org\/en\/wp-json\/wp\/v2\/comments?post=7827"}],"version-history":[{"count":3,"href":"https:\/\/www.colombianitos.org\/en\/wp-json\/wp\/v2\/posts\/7827\/revisions"}],"predecessor-version":[{"id":8487,"href":"https:\/\/www.colombianitos.org\/en\/wp-json\/wp\/v2\/posts\/7827\/revisions\/8487"}],"wp:featuredmedia":[{"embeddable":true,"href":"https:\/\/www.colombianitos.org\/en\/wp-json\/wp\/v2\/media\/8485"}],"wp:attachment":[{"href":"https:\/\/www.colombianitos.org\/en\/wp-json\/wp\/v2\/media?parent=7827"}],"wp:term":[{"taxonomy":"category","embeddable":true,"href":"https:\/\/www.colombianitos.org\/en\/wp-json\/wp\/v2\/categories?post=7827"},{"taxonomy":"post_tag","embeddable":true,"href":"https:\/\/www.colombianitos.org\/en\/wp-json\/wp\/v2\/tags?post=7827"}],"curies":[{"name":"wp","href":"https:\/\/api.w.org\/{rel}","templated":true}]}}