{"id":7794,"date":"2020-12-10T21:19:23","date_gmt":"2020-12-11T02:19:23","guid":{"rendered":"https:\/\/colombianitos.org\/?p=7794"},"modified":"2021-05-30T04:52:59","modified_gmt":"2021-05-30T04:52:59","slug":"en-ciudad-bolivar-la-fundacion-colombianitos-se-adelanta-a-la-navidad","status":"publish","type":"post","link":"https:\/\/www.colombianitos.org\/en\/en-ciudad-bolivar-la-fundacion-colombianitos-se-adelanta-a-la-navidad\/","title":{"rendered":"En Ciudad Bol\u00edvar la Fundaci\u00f3n Colombianitos se adelanta a la navidad"},"content":{"rendered":"<body>[et_pb_section fb_built=\u201d1\u2033 _builder_version=\u201d3.22\u2033 da_disable_devices=\u201doff|off|off\u201d da_is_popup=\u201doff\u201d da_exit_intent=\u201doff\u201d da_has_close=\u201don\u201d da_alt_close=\u201doff\u201d da_dark_close=\u201doff\u201d da_not_modal=\u201don\u201d da_is_singular=\u201doff\u201d da_with_loader=\u201doff\u201d da_has_shadow=\u201don\u201d][et_pb_row _builder_version=\u201d3.25\u2033 background_size=\u201dinitial\u201d background_position=\u201dtop_left\u201d background_repeat=\u201drepeat\u201d][et_pb_column type=\u201d4_4\u2033 _builder_version=\u201d3.25\u2033 custom_padding=\u201d|||\u201d custom_padding__hover=\u201d|||\u201d][et_pb_text _builder_version=\u201d4.9.4\u2033 background_size=\u201dinitial\u201d background_position=\u201dtop_left\u201d background_repeat=\u201drepeat\u201d]<p>En una ma\u00f1ana soleada, llena de m\u00fasica, teatro, baile, novena, regalos y sorpresas, m\u00e1s de cien ni\u00f1os, ni\u00f1as y j\u00f3venes de la Fundaci\u00f3n Colombianitos con apoyo de TransMilenio, Cablem\u00f3vil y la Alcald\u00eda Local de Ciudad Bol\u00edvar, celebraron la navidad y el cierre de actividades de la Fundaci\u00f3n.<\/p>\n<p><\/p>\n<p>Seg\u00fan Gladys Sanmiguel, Directora ejecutiva de la Fundaci\u00f3n Colombianitos, el objetivo de llevar esperanza, sonrisas y forjar sue\u00f1os se cumpli\u00f3. Para muchos de los Colombianitos esta fue la primera vez en sus vidas en el que recibieron un regalo en navidad.<\/p>\n<p><\/p>\n<p>\u201cEstamos muy felices, es la primera vez en la historia de la sede de Colombianitos de Ciudad Bol\u00edvar que la navidad la celebramos de esta forma, y m\u00e1s en un a\u00f1o tan dif\u00edcil\u201d, asegur\u00f3 la<br>directora Sanmiguel.<\/p>\n<p><\/p>\n<p>El evento se desarroll\u00f3 en dos turnos para evitar aglomeraciones, el primero fue con un grupo de 50 ni\u00f1os y ni\u00f1as entre 6 y 11 a\u00f1os, y el segundo fue con 60 j\u00f3venes entre 12 a 17 a\u00f1os.<\/p>\n<p><\/p>\n<p><\/p>\n<figure class=\"wp-block-image size-large\"><img data-recalc-dims=\"1\" decoding=\"async\" class=\"alignnone wp-image-7819\" src=\"https:\/\/i0.wp.com\/box2392.temp.domains\/~colombt6-content\/uploads\/2020\/12\/WhatsApp-Image-2020-12-15-at-6.55.57-PM-1024x682.jpeg?resize=1024%2C682\" alt=\"\" width=\"1024\" height=\"682\" loading=\"lazy\"><\/figure>\n<p><\/p>\n<p>Dixon Valoyes Dur\u00e1n, es un Colombianito de 12 a\u00f1os, practica f\u00fatbol en la Fundaci\u00f3n e hizo parte de la celebraci\u00f3n Navidad. Mientras revisaba sus regalos y miraba detenidamente su nueva sudadera, asegur\u00f3 que las navidad es el tiempo para compartir con la familia.<\/p>\n<p><\/p>\n<p>Nicole Daza, una Colombianita de 16 a\u00f1os, se sorprendi\u00f3 con lo que pas\u00f3 hoy en las canchas de la Fundaci\u00f3n, \u201d fue una completa sorpresa, nunco me imagin\u00e9 que este a\u00f1o iba a recibir un regalo por practicar deporte\u201d, manifest\u00f3 y resalt\u00f3 el compromiso de la instituci\u00f3n para formar valores mientras entrenan y juegan.<\/p>\n<p><\/p>\n<p>Los Colombianitos recibieron pistas de carros, sudaderas e indumentaria deportiva para entrenar, morral, tennis, kits escolares y de aseo, balones, juegos did\u00e1cticos, mu\u00f1ecas de colecci\u00f3n.<\/p>\n<p><\/p>\n<p>Precisamente hace 19 a\u00f1os naci\u00f3 en Ciudad Bol\u00edvar la Fundaci\u00f3n Colombianitos, y desde ese momento ha trabajado como l\u00edder en Colombia en el uso del deporte como herramienta de desarrollo social para los menores de edad de poblaciones vulnerables y de escasos recursos.<\/p>\n<p><\/p>\n<p><\/p>\n<figure class=\"wp-block-image size-large\"><img data-recalc-dims=\"1\" height=\"682\" width=\"1024\" decoding=\"async\" class=\"wp-image-7821\" src=\"https:\/\/i0.wp.com\/box2392.temp.domains\/~colombt6-content\/uploads\/2020\/12\/WhatsApp-Image-2020-12-15-at-6.56.42-PM-1024x682.jpeg?resize=1024%2C682\" alt=\"\" loading=\"lazy\"><\/figure>\n<p><\/p>\n<p>\u201cSon ni\u00f1os que tienen realidades familiares bien complejas, que sufren en algunos casos desnutrici\u00f3n, enfrentan problemas de violencia intrafamiliar, desplazamiento\u201d, indic\u00f3 Gladys Sanmiguel.<\/p>\n<p><\/p>\n<p>Por su parte Ricardo Rodr\u00edguez C\u00e1rdenas, Alcalde Local de Ciudad Bol\u00edvar, se\u00f1al\u00f3 que el evento represent\u00f3 una oportunidad para llevar alegr\u00edas y generar nuevos espacios de esparcimiento a una poblaci\u00f3n que ha sido muy afectada por la pandemia.<\/p>\n<p><\/p>\n<p>El mandatario local agreg\u00f3 que este tipo de actividades hacen parte del Plan de Desarrollo de la localidad en el que buscan ampliar los servicios sociales a menores de edad y sus beneficiarios para el pr\u00f3ximo a\u00f1o.<\/p>\n<p><\/p>\n<p>Para Yolima P\u00e9rez Ariza, Subgerente de Atenci\u00f3n al Usuario y Comunicaciones de TransMilenio , aliado importante en el desarrollo del evento, indic\u00f3 que el Sistema sigue apost\u00e1ndole a un enfoque social que promueva el buen uso del sistema, con pedagog\u00eda, cultura y apropiaci\u00f3n por los ni\u00f1os de la ciudad, que ser\u00e1n los futuros usuarios.<\/p>\n<p><\/p>[\/et_pb_text][\/et_pb_column][\/et_pb_row][\/et_pb_section]<\/body>","protected":false},"excerpt":{"rendered":"<p>En una ma\u00f1ana soleada, llena de m\u00fasica, teatro, baile, novena, regalos y sorpresas, m\u00e1s de cien ni\u00f1os, ni\u00f1as y j\u00f3venes de la Fundaci\u00f3n Colombianitos con apoyo de TransMilenio, Cablem\u00f3vil y la Alcald\u00eda Local de Ciudad Bol\u00edvar, celebraron la navidad y el cierre de actividades de la Fundaci\u00f3n. Seg\u00fan Gladys Sanmiguel, Directora ejecutiva de la Fundaci\u00f3n [&hellip;]<\/p>","protected":false},"author":4,"featured_media":9075,"comment_status":"closed","ping_status":"open","sticky":false,"template":"","format":"standard","meta":{"nf_dc_page":"","_et_pb_use_builder":"on","_et_pb_old_content":"<!-- wp:paragraph -->\r\n<p>La Fundaci\u00f3n Colombianitos con el apoyo de\u00a0 TransMilenio, Cablem\u00f3vil y la Alcald\u00eda Local de Ciudad Bol\u00edvar celebrar\u00e1n el 15 de diciembre la navidad y el cierre de actividades con 100 ni\u00f1os, ni\u00f1as y j\u00f3venes beneficiarios de la Fundaci\u00f3n.<\/p>\r\n<!-- \/wp:paragraph --><!-- wp:paragraph -->\r\n<p>Ser\u00e1 una jornada especial para disfrutar de la novena de aguinaldos, obras de teatro y entregar regalos a los menores de edad que hacen parte del proyecto desarrollado en el sector Guabal, en Ciudad Bol\u00edvar.<\/p>\r\n<!-- \/wp:paragraph --><!-- wp:paragraph -->\r\n<p>La celebraci\u00f3n ser\u00e1 a cielo abierto en la canchas de f\u00fatbol de los Padres Somascos, en el sector del Guabal v\u00eda Quiba, en dos turnos, desde las 9 de la ma\u00f1ana hasta el mediod\u00eda.\u00a0 El primer grupo ser\u00e1 de 50 ni\u00f1os y ni\u00f1as entre 6 y 11 a\u00f1os, el segundo grupo ser\u00e1 de 50 j\u00f3venes entre 12 a 17 a\u00f1os.<\/p>\r\n<!-- \/wp:paragraph --><!-- wp:paragraph -->\r\n<p>Al evento asistir\u00e1 Gladys Sanmiguel, Directora Ejecutiva de la Fundaci\u00f3n Colombianitos, Felipe Ram\u00edrez Buitrago, Gerente de TransMilenio y Ricardo Antonio Rodr\u00edguez C\u00e1rdenas, Alcalde Local de Ciudad Bol\u00edvar.<\/p>\r\n<!-- \/wp:paragraph --><!-- wp:paragraph -->\r\n<p>Los asistentes previamente inscritos deben cumplir con todos los protocolos de bioseguridad dispuestos por las autoridades de salud.<\/p>\r\n<!-- \/wp:paragraph --><!-- wp:paragraph -->\r\n<p>La Fundaci\u00f3n Colombianitos es una organizaci\u00f3n con m\u00e1s de 19 a\u00f1os de experiencia, l\u00edder en Colombia en el uso del deporte como herramienta de desarrollo social, ha evolucionado su trabajo en los \u00faltimos a\u00f1os a trav\u00e9s de la formulaci\u00f3n de nuevas pr\u00e1cticas educativas en la educaci\u00f3n formal e informal.<\/p>\r\n<!-- \/wp:paragraph -->","_et_gb_content_width":"","om_disable_all_campaigns":false,"_monsterinsights_skip_tracking":false,"_monsterinsights_sitenote_active":false,"_monsterinsights_sitenote_note":"","_monsterinsights_sitenote_category":0,"_jetpack_memberships_contains_paid_content":false,"footnotes":""},"categories":[7],"tags":[21,22,17,23,24],"class_list":["post-7794","post","type-post","status-publish","format-standard","has-post-thumbnail","hentry","category-noticias","tag-cablemovil","tag-ciudad-bolivar","tag-fundacion-colombianitos","tag-navidad","tag-transmilenio"],"aioseo_notices":[],"jetpack_featured_media_url":"https:\/\/i0.wp.com\/www.colombianitos.org\/wp-content\/uploads\/2020\/12\/13052021-9.jpg?fit=1920%2C1080&ssl=1","jetpack_sharing_enabled":true,"_links":{"self":[{"href":"https:\/\/www.colombianitos.org\/en\/wp-json\/wp\/v2\/posts\/7794","targetHints":{"allow":["GET"]}}],"collection":[{"href":"https:\/\/www.colombianitos.org\/en\/wp-json\/wp\/v2\/posts"}],"about":[{"href":"https:\/\/www.colombianitos.org\/en\/wp-json\/wp\/v2\/types\/post"}],"author":[{"embeddable":true,"href":"https:\/\/www.colombianitos.org\/en\/wp-json\/wp\/v2\/users\/4"}],"replies":[{"embeddable":true,"href":"https:\/\/www.colombianitos.org\/en\/wp-json\/wp\/v2\/comments?post=7794"}],"version-history":[{"count":3,"href":"https:\/\/www.colombianitos.org\/en\/wp-json\/wp\/v2\/posts\/7794\/revisions"}],"predecessor-version":[{"id":9078,"href":"https:\/\/www.colombianitos.org\/en\/wp-json\/wp\/v2\/posts\/7794\/revisions\/9078"}],"wp:featuredmedia":[{"embeddable":true,"href":"https:\/\/www.colombianitos.org\/en\/wp-json\/wp\/v2\/media\/9075"}],"wp:attachment":[{"href":"https:\/\/www.colombianitos.org\/en\/wp-json\/wp\/v2\/media?parent=7794"}],"wp:term":[{"taxonomy":"category","embeddable":true,"href":"https:\/\/www.colombianitos.org\/en\/wp-json\/wp\/v2\/categories?post=7794"},{"taxonomy":"post_tag","embeddable":true,"href":"https:\/\/www.colombianitos.org\/en\/wp-json\/wp\/v2\/tags?post=7794"}],"curies":[{"name":"wp","href":"https:\/\/api.w.org\/{rel}","templated":true}]}}