{"id":7780,"date":"2020-12-10T16:23:38","date_gmt":"2020-12-10T21:23:38","guid":{"rendered":"https:\/\/colombianitos.org\/?p=7780"},"modified":"2021-06-11T14:20:20","modified_gmt":"2021-06-11T14:20:20","slug":"entre-pedales-y-ciclas-se-desarrollo-una-nueva-jugada-por-la-paz-en-el-meta","status":"publish","type":"post","link":"https:\/\/www.colombianitos.org\/en\/entre-pedales-y-ciclas-se-desarrollo-una-nueva-jugada-por-la-paz-en-el-meta\/","title":{"rendered":"Entre pedales y ciclas se desarroll\u00f3 una nueva jugada por la paz en el Meta"},"content":{"rendered":"<body>[et_pb_section fb_built=\u201d1\u2033 admin_label=\u201dsection\u201d _builder_version=\u201d3.22\u2033 da_is_popup=\u201doff\u201d da_exit_intent=\u201doff\u201d da_has_close=\u201don\u201d da_alt_close=\u201doff\u201d da_dark_close=\u201doff\u201d da_not_modal=\u201don\u201d da_is_singular=\u201doff\u201d da_with_loader=\u201doff\u201d da_has_shadow=\u201don\u201d da_disable_devices=\u201doff|off|off\u201d][et_pb_row admin_label=\u201drow\u201d _builder_version=\u201d3.25\u2033 background_size=\u201dinitial\u201d background_position=\u201dtop_left\u201d background_repeat=\u201drepeat\u201d][et_pb_column type=\u201d4_4\u2033 _builder_version=\u201d3.25\u2033 custom_padding=\u201d|||\u201d custom_padding__hover=\u201d|||\u201d][et_pb_text admin_label=\u201dText\u201d _builder_version=\u201d3.27.4\u2033 background_size=\u201dinitial\u201d background_position=\u201dtop_left\u201d background_repeat=\u201drepeat\u201d]\n<p>Fueron siete kil\u00f3metros de sonrisas, adrenalina entre ni\u00f1os, docentes, deportistas paral\u00edmpicos y directivos que ven en el deporte un veh\u00edculo para cumplir sue\u00f1os y transformar vidas.<\/p>\n\n\n<p>En el municipio de Guamal, en el departamento del Meta, el equipo directivo de Ecopetrol Meta, el equipo directivo y deportivo de la Fundaci\u00f3n Colombianitos lideraron una divertida ruta cicl\u00edstica en compa\u00f1\u00eda de los famosos deportistas paral\u00edmpicos \u201cMocho Man\u201d Juan Jos\u00e9 Flori\u00e1n y el Sargento Francisco Pedraza.<\/p>\n\n\n<p>La jornada ten\u00eda como objetivo reflexionar sobre el rol del entrenador en el desarrollo de las habilidades deportivas, el fomento de habilidades para la vida de los ni\u00f1os y presentar a los reconocidos ciclistas paral\u00edmpicos como los nuevos embajadores de la Fundaci\u00f3n Colombianitos.<\/p>\n\n\n<p>\u201cQueremos enviarle un mensaje a nuestros Colombianitos para que no limiten sus sue\u00f1os, la limitaci\u00f3n est\u00e1 en la mente y no en el cuerpo, con los nuevos embajadores queremos motivar a los ni\u00f1os a trav\u00e9s de grandes historias de vida y superaci\u00f3n\u201d, asegur\u00f3 Gladys San Miguel, directora ejecutiva de la Fundaci\u00f3n.<\/p>\n\n\n<figure class=\"wp-block-image size-large\"><img data-recalc-dims=\"1\" height=\"768\" width=\"1024\" decoding=\"async\" src=\"https:\/\/i0.wp.com\/box2392.temp.domains\/~colombt6-content\/uploads\/2020\/12\/EnHlriKW8AA2Fmo-1-1024x768.jpg?resize=1024%2C768\" alt=\"\" class=\"wp-image-7790\" loading=\"lazy\"><\/figure>\n\n\n<p>El soldado Juan Jos\u00e9 Flori\u00e1n perdi\u00f3 tres de sus extremidades por culpa de una mina antipersonal, desde entonces se aferr\u00f3 a los pedales de una bicicleta y el Sargento Francisco Pedraza Osorio perdi\u00f3 sus piernas hace cinco a\u00f1os en un campo minado en las selvas del Caquet\u00e1. Estos dos admirables exmilitares dedicaron su vida a defender y cuidar de nuestro pa\u00eds.<\/p>\n\n\n<p>De la mano de Ecopetrol en el Meta, la fundaci\u00f3n Colombianitos trabaja con 10 instituciones y 47 sedes educativas cuyos beneficiarios son 7250 ni\u00f1os.<\/p>\n\n\n<p>Seg\u00fan Mar\u00eda Cristina Bejarano, L\u00edder de Gesti\u00f3n Social de Ecopetrol en el Meta, el convenio con la fundaci\u00f3n que cumple tres a\u00f1os, busca en el deporte un veh\u00edculo de transformaci\u00f3n social, que ense\u00f1a disciplina, valores, trabajo en equipo y competencias ciudadanas.<\/p>\n\n\n<p>La Fundaci\u00f3n Colombianitos lleva 19 a\u00f1os trabajando por ni\u00f1os, ni\u00f1as y adolescentes. A trav\u00e9s de sus programas han transformado la vida de 142.543 ni\u00f1as, ni\u00f1os y adolescentes, 9.727 padres de familia y 1.759 docentes en territorios en Boyac\u00e1, Cauca, Valle, Cundinamarca, Santander y otros lugares duramente golpeados por la pobreza y la desigualdad.<\/p>\n[\/et_pb_text][\/et_pb_column][\/et_pb_row][\/et_pb_section]<\/body>","protected":false},"excerpt":{"rendered":"<p>Fueron siete kil\u00f3metros de sonrisas, adrenalina entre ni\u00f1os, docentes, deportistas paral\u00edmpicos y directivos que ven en el deporte un veh\u00edculo para cumplir sue\u00f1os y transformar vidas. En el municipio de Guamal, en el departamento del Meta, el equipo directivo de Ecopetrol Meta, el equipo directivo y deportivo de la Fundaci\u00f3n Colombianitos lideraron una divertida ruta [&hellip;]<\/p>","protected":false},"author":4,"featured_media":7781,"comment_status":"closed","ping_status":"open","sticky":false,"template":"","format":"standard","meta":{"nf_dc_page":"","_et_pb_use_builder":"on","_et_pb_old_content":"<!-- wp:paragraph -->\n<p>Fueron siete kil\u00f3metros de sonrisas, adrenalina entre ni\u00f1os, docentes, deportistas paral\u00edmpicos y directivos que ven en el deporte un veh\u00edculo para cumplir sue\u00f1os y transformar vidas.<\/p>\n<!-- \/wp:paragraph -->\n<!-- wp:paragraph -->\n<p>En el municipio de Guamal, en el departamento del Meta, el equipo directivo de Ecopetrol Meta, el equipo directivo y deportivo de la Fundaci\u00f3n Colombianitos lideraron una divertida ruta cicl\u00edstica en compa\u00f1\u00eda de los famosos deportistas paral\u00edmpicos \u201cMocho Man\u201d Juan Jos\u00e9 Flori\u00e1n y el Sargento Francisco Pedraza.<\/p>\n<!-- \/wp:paragraph -->\n<!-- wp:paragraph -->\n<p>La jornada ten\u00eda como objetivo reflexionar sobre el rol del entrenador en el desarrollo de las habilidades deportivas, el fomento de habilidades para la vida de los ni\u00f1os y presentar a los reconocidos ciclistas paral\u00edmpicos como los nuevos embajadores de la Fundaci\u00f3n Colombianitos.<\/p>\n<!-- \/wp:paragraph -->\n<!-- wp:paragraph -->\n<p>\u201cQueremos enviarle un mensaje a nuestros Colombianitos para que no limiten sus sue\u00f1os, la limitaci\u00f3n est\u00e1 en la mente y no en el cuerpo, con los nuevos embajadores queremos motivar a los ni\u00f1os a trav\u00e9s de grandes historias de vida y superaci\u00f3n\u201d, asegur\u00f3 Gladys San Miguel, directora ejecutiva de la Fundaci\u00f3n.<\/p>\n<!-- \/wp:paragraph -->\n<!-- wp:image {\"id\":7790,\"sizeSlug\":\"large\"} -->\n<figure class=\"wp-block-image size-large\"><img src=\"http:\/\/box2392.temp.domains\/~colombt6-content\/uploads\/2020\/12\/EnHlriKW8AA2Fmo-1-1024x768.jpg\" alt=\"\" class=\"wp-image-7790\"\/><\/figure>\n<!-- \/wp:image -->\n<!-- wp:paragraph -->\n<p>El soldado Juan Jos\u00e9 Flori\u00e1n perdi\u00f3 tres de sus extremidades por culpa de una mina antipersonal, desde entonces se aferr\u00f3 a los pedales de una bicicleta y el Sargento Francisco Pedraza Osorio perdi\u00f3 sus piernas hace cinco a\u00f1os en un campo minado en las selvas del Caquet\u00e1. Estos dos admirables exmilitares dedicaron su vida a defender y cuidar de nuestro pa\u00eds.<\/p>\n<!-- \/wp:paragraph -->\n<!-- wp:paragraph -->\n<p>De la mano de Ecopetrol en el Meta, la fundaci\u00f3n Colombianitos trabaja con 10 instituciones y 47 sedes educativas cuyos beneficiarios son 7250 ni\u00f1os.<\/p>\n<!-- \/wp:paragraph -->\n<!-- wp:paragraph -->\n<p>Seg\u00fan Mar\u00eda Cristina Bejarano, L\u00edder de Gesti\u00f3n Social de Ecopetrol en el Meta, el convenio con la fundaci\u00f3n que cumple tres a\u00f1os, busca en el deporte un veh\u00edculo de transformaci\u00f3n social, que ense\u00f1a disciplina, valores, trabajo en equipo y competencias ciudadanas.<\/p>\n<!-- \/wp:paragraph -->\n<!-- wp:paragraph -->\n<p>La Fundaci\u00f3n Colombianitos lleva 19 a\u00f1os trabajando por ni\u00f1os, ni\u00f1as y adolescentes. A trav\u00e9s de sus programas han transformado la vida de 142.543 ni\u00f1as, ni\u00f1os y adolescentes, 9.727 padres de familia y 1.759 docentes en territorios en Boyac\u00e1, Cauca, Valle, Cundinamarca, Santander y otros lugares duramente golpeados por la pobreza y la desigualdad.<\/p>\n<!-- \/wp:paragraph -->","_et_gb_content_width":"","om_disable_all_campaigns":false,"_monsterinsights_skip_tracking":false,"_monsterinsights_sitenote_active":false,"_monsterinsights_sitenote_note":"","_monsterinsights_sitenote_category":0,"_jetpack_memberships_contains_paid_content":false,"footnotes":""},"categories":[16],"tags":[17,18,19,20],"class_list":["post-7780","post","type-post","status-publish","format-standard","has-post-thumbnail","hentry","category-sin-categorizar","tag-fundacion-colombianitos","tag-meta","tag-ninos","tag-suenos"],"aioseo_notices":[],"jetpack_featured_media_url":"","jetpack_sharing_enabled":true,"_links":{"self":[{"href":"https:\/\/www.colombianitos.org\/en\/wp-json\/wp\/v2\/posts\/7780","targetHints":{"allow":["GET"]}}],"collection":[{"href":"https:\/\/www.colombianitos.org\/en\/wp-json\/wp\/v2\/posts"}],"about":[{"href":"https:\/\/www.colombianitos.org\/en\/wp-json\/wp\/v2\/types\/post"}],"author":[{"embeddable":true,"href":"https:\/\/www.colombianitos.org\/en\/wp-json\/wp\/v2\/users\/4"}],"replies":[{"embeddable":true,"href":"https:\/\/www.colombianitos.org\/en\/wp-json\/wp\/v2\/comments?post=7780"}],"version-history":[{"count":2,"href":"https:\/\/www.colombianitos.org\/en\/wp-json\/wp\/v2\/posts\/7780\/revisions"}],"predecessor-version":[{"id":9234,"href":"https:\/\/www.colombianitos.org\/en\/wp-json\/wp\/v2\/posts\/7780\/revisions\/9234"}],"wp:featuredmedia":[{"embeddable":true,"href":"https:\/\/www.colombianitos.org\/en\/wp-json\/"}],"wp:attachment":[{"href":"https:\/\/www.colombianitos.org\/en\/wp-json\/wp\/v2\/media?parent=7780"}],"wp:term":[{"taxonomy":"category","embeddable":true,"href":"https:\/\/www.colombianitos.org\/en\/wp-json\/wp\/v2\/categories?post=7780"},{"taxonomy":"post_tag","embeddable":true,"href":"https:\/\/www.colombianitos.org\/en\/wp-json\/wp\/v2\/tags?post=7780"}],"curies":[{"name":"wp","href":"https:\/\/api.w.org\/{rel}","templated":true}]}}