{"id":711,"date":"2021-05-02T03:47:29","date_gmt":"2021-05-02T03:47:29","guid":{"rendered":"http:\/\/box2392.temp.domains\/~colombt6\/?p=711"},"modified":"2021-05-06T06:28:31","modified_gmt":"2021-05-06T06:28:31","slug":"alisson-gisel-gil","status":"publish","type":"post","link":"https:\/\/www.colombianitos.org\/en\/alisson-gisel-gil\/","title":{"rendered":"ALISSON GISEL GIL"},"content":{"rendered":"<p>[et_pb_section fb_built=&#8221;1&#8243; _builder_version=&#8221;4.9.4&#8243; _module_preset=&#8221;default&#8221;][et_pb_row column_structure=&#8221;1_2,1_2&#8243; _builder_version=&#8221;4.9.4&#8243; _module_preset=&#8221;default&#8221; custom_margin=&#8221;-261px|auto||auto||&#8221; custom_padding=&#8221;4px|||||&#8221;][et_pb_column type=&#8221;1_2&#8243; _builder_version=&#8221;4.9.4&#8243; _module_preset=&#8221;default&#8221;][et_pb_image src=&#8221;http:\/\/box2392.temp.domains\/~colombt6\/wp-content\/uploads\/2021\/05\/Alisson-Gisel-Gil.jpg&#8221; title_text=&#8221;Alisson Gisel Gil&#8221; _builder_version=&#8221;4.9.4&#8243; _module_preset=&#8221;default&#8221; animation_style=&#8221;fade&#8221;][\/et_pb_image][\/et_pb_column][et_pb_column type=&#8221;1_2&#8243; _builder_version=&#8221;4.9.4&#8243; _module_preset=&#8221;default&#8221; background_enable_color=&#8221;off&#8221;][et_pb_text _builder_version=&#8221;4.9.4&#8243; _module_preset=&#8221;default&#8221; text_font_size=&#8221;16px&#8221; text_line_height=&#8221;1.8em&#8221; background_color=&#8221;#FFFFFF&#8221; width=&#8221;100%&#8221; custom_padding=&#8221;35px|50px|26px|50px|false|false&#8221; animation_style=&#8221;fade&#8221;]<\/p>\n<p><span style=\"font-weight: 400;\">Naci\u00f3 en 2002 y vive en Ciudad Bol\u00edvar al sur de Bogot\u00e1, ingres\u00f3 a la fundaci\u00f3n en el a\u00f1o 2012, lo que le permiti\u00f3 cambiar su pensamiento, desarrollar su capacidad de liderazgo y\u00a0 comunicarse mejor con las dem\u00e1s personas. Se convirti\u00f3 en una Joven Agente de Cambio (JAC) gracias a esto, ha recibido m\u00faltiples capacitaciones tanto deportivas como de orientaci\u00f3n y proyecto de vida. Se desempe\u00f1a en el \u00e1mbito deportivo y actualmente es entrenadora de f\u00fatbol.<\/span><\/p>\n<p><span style=\"font-weight: 400;\">Mientras terminaba el bachillerato trabajaba como vendedora ambulante, su situaci\u00f3n econ\u00f3mica y la de su familia as\u00ed lo requer\u00eda. Su sue\u00f1o es llevar el amor al deporte a una esfera profesional, entre sus planes est\u00e1 ser licenciada en Educaci\u00f3n F\u00edsica y seguir trabajando en el \u00e1mbito social con fundaciones como Colombianitos. En su tiempo libre juega microf\u00fatbol y cumple con sus labores en Colombianitos.<\/span><\/p>\n<p>[\/et_pb_text][\/et_pb_column][\/et_pb_row][\/et_pb_section]<\/p>\n","protected":false},"excerpt":{"rendered":"<p>Naci\u00f3 en 2002 y vive en Ciudad Bol\u00edvar al sur de Bogot\u00e1, ingres\u00f3 a la fundaci\u00f3n en el a\u00f1o 2012, lo que le permiti\u00f3 cambiar su pensamiento, desarrollar su capacidad de liderazgo y\u00a0 comunicarse mejor con las dem\u00e1s personas. Se convirti\u00f3 en una Joven Agente de Cambio (JAC) gracias a esto, ha recibido m\u00faltiples capacitaciones [&hellip;]<\/p>\n","protected":false},"author":3,"featured_media":0,"comment_status":"open","ping_status":"open","sticky":false,"template":"","format":"standard","meta":{"nf_dc_page":"","_et_pb_use_builder":"on","_et_pb_old_content":"","_et_gb_content_width":"","om_disable_all_campaigns":false,"_monsterinsights_skip_tracking":false,"_monsterinsights_sitenote_active":false,"_monsterinsights_sitenote_note":"","_monsterinsights_sitenote_category":0,"footnotes":""},"categories":[10],"tags":[],"class_list":["post-711","post","type-post","status-publish","format-standard","hentry","category-casos-de-exito"],"aioseo_notices":[],"aioseo_head":"\n\t\t<!-- All in One SEO 4.9.9 - aioseo.com -->\n\t<meta name=\"description\" content=\"Naci\u00f3 en 2002 y vive en Ciudad Bol\u00edvar al sur de Bogot\u00e1, ingres\u00f3 a la fundaci\u00f3n en el a\u00f1o 2012, lo que le permiti\u00f3 cambiar su pensamiento, desarrollar su capacidad de liderazgo y comunicarse mejor con las dem\u00e1s personas. Se convirti\u00f3 en una Joven Agente de Cambio (JAC) gracias a esto, ha recibido m\u00faltiples capacitaciones\" \/>\n\t<meta name=\"robots\" content=\"max-image-preview:large\" \/>\n\t<meta name=\"author\" content=\"Francisco Luis\"\/>\n\t<link rel=\"canonical\" href=\"https:\/\/www.colombianitos.org\/en\/alisson-gisel-gil\/\" \/>\n\t<meta name=\"generator\" content=\"All in One SEO (AIOSEO) 4.9.9\" \/>\n\t\t<meta property=\"og:locale\" content=\"en_US\" \/>\n\t\t<meta property=\"og:site_name\" content=\"Fundaci\u00f3n Colombianitos - FUNDACI\u00d3N COLOMBIANITOS, Es una entidad sin \u00e1nimo de lucro, fundada en el 2001, que busca mejorar la calidad de vida de los ni\u00f1os, ni\u00f1as y j\u00f3venes de las comunidades m\u00e1s vulnerables del pa\u00eds, a trav\u00e9s del deporte, el juego, la recreaci\u00f3n, la educaci\u00f3n y la salud.\" \/>\n\t\t<meta property=\"og:type\" content=\"article\" \/>\n\t\t<meta property=\"og:title\" content=\"ALISSON GISEL GIL - Fundaci\u00f3n Colombianitos\" \/>\n\t\t<meta property=\"og:description\" content=\"Naci\u00f3 en 2002 y vive en Ciudad Bol\u00edvar al sur de Bogot\u00e1, ingres\u00f3 a la fundaci\u00f3n en el a\u00f1o 2012, lo que le permiti\u00f3 cambiar su pensamiento, desarrollar su capacidad de liderazgo y comunicarse mejor con las dem\u00e1s personas. Se convirti\u00f3 en una Joven Agente de Cambio (JAC) gracias a esto, ha recibido m\u00faltiples capacitaciones\" \/>\n\t\t<meta property=\"og:url\" content=\"https:\/\/www.colombianitos.org\/en\/alisson-gisel-gil\/\" \/>\n\t\t<meta property=\"article:published_time\" content=\"2021-05-02T03:47:29+00:00\" \/>\n\t\t<meta property=\"article:modified_time\" content=\"2021-05-06T06:28:31+00:00\" \/>\n\t\t<meta name=\"twitter:card\" content=\"summary_large_image\" \/>\n\t\t<meta name=\"twitter:title\" content=\"ALISSON GISEL GIL - Fundaci\u00f3n Colombianitos\" \/>\n\t\t<meta name=\"twitter:description\" content=\"Naci\u00f3 en 2002 y vive en Ciudad Bol\u00edvar al sur de Bogot\u00e1, ingres\u00f3 a la fundaci\u00f3n en el a\u00f1o 2012, lo que le permiti\u00f3 cambiar su pensamiento, desarrollar su capacidad de liderazgo y comunicarse mejor con las dem\u00e1s personas. Se convirti\u00f3 en una Joven Agente de Cambio (JAC) gracias a esto, ha recibido m\u00faltiples capacitaciones\" \/>\n\t\t<script type=\"application\/ld+json\" class=\"aioseo-schema\">\n\t\t\t{\"@context\":\"https:\\\/\\\/schema.org\",\"@graph\":[{\"@type\":\"BlogPosting\",\"@id\":\"https:\\\/\\\/www.colombianitos.org\\\/en\\\/alisson-gisel-gil\\\/#blogposting\",\"name\":\"ALISSON GISEL GIL - Fundaci\\u00f3n Colombianitos\",\"headline\":\"ALISSON GISEL GIL\",\"author\":{\"@id\":\"https:\\\/\\\/www.colombianitos.org\\\/en\\\/author\\\/francisco-luis\\\/#author\"},\"publisher\":{\"@id\":\"https:\\\/\\\/www.colombianitos.org\\\/en\\\/#organization\"},\"datePublished\":\"2021-05-02T03:47:29-05:00\",\"dateModified\":\"2021-05-06T06:28:31-05:00\",\"inLanguage\":\"en-US\",\"mainEntityOfPage\":{\"@id\":\"https:\\\/\\\/www.colombianitos.org\\\/en\\\/alisson-gisel-gil\\\/#webpage\"},\"isPartOf\":{\"@id\":\"https:\\\/\\\/www.colombianitos.org\\\/en\\\/alisson-gisel-gil\\\/#webpage\"},\"articleSection\":\"Casos de Exito\"},{\"@type\":\"BreadcrumbList\",\"@id\":\"https:\\\/\\\/www.colombianitos.org\\\/en\\\/alisson-gisel-gil\\\/#breadcrumblist\",\"itemListElement\":[{\"@type\":\"ListItem\",\"@id\":\"https:\\\/\\\/www.colombianitos.org\\\/en#listItem\",\"position\":1,\"name\":\"Inicio\",\"item\":\"https:\\\/\\\/www.colombianitos.org\\\/en\",\"nextItem\":{\"@type\":\"ListItem\",\"@id\":\"https:\\\/\\\/www.colombianitos.org\\\/en\\\/category\\\/casos-de-exito\\\/#listItem\",\"name\":\"Casos de Exito\"}},{\"@type\":\"ListItem\",\"@id\":\"https:\\\/\\\/www.colombianitos.org\\\/en\\\/category\\\/casos-de-exito\\\/#listItem\",\"position\":2,\"name\":\"Casos de Exito\",\"item\":\"https:\\\/\\\/www.colombianitos.org\\\/en\\\/category\\\/casos-de-exito\\\/\",\"nextItem\":{\"@type\":\"ListItem\",\"@id\":\"https:\\\/\\\/www.colombianitos.org\\\/en\\\/alisson-gisel-gil\\\/#listItem\",\"name\":\"ALISSON GISEL GIL\"},\"previousItem\":{\"@type\":\"ListItem\",\"@id\":\"https:\\\/\\\/www.colombianitos.org\\\/en#listItem\",\"name\":\"Inicio\"}},{\"@type\":\"ListItem\",\"@id\":\"https:\\\/\\\/www.colombianitos.org\\\/en\\\/alisson-gisel-gil\\\/#listItem\",\"position\":3,\"name\":\"ALISSON GISEL GIL\",\"previousItem\":{\"@type\":\"ListItem\",\"@id\":\"https:\\\/\\\/www.colombianitos.org\\\/en\\\/category\\\/casos-de-exito\\\/#listItem\",\"name\":\"Casos de Exito\"}}]},{\"@type\":\"Organization\",\"@id\":\"https:\\\/\\\/www.colombianitos.org\\\/en\\\/#organization\",\"name\":\"Fundaci\\u00f3n Colombianitos\",\"description\":\"FUNDACI\\u00d3N COLOMBIANITOS, Es una entidad sin \\u00e1nimo de lucro, fundada en el 2001, que busca mejorar la calidad de vida de los ni\\u00f1os, ni\\u00f1as y j\\u00f3venes de las comunidades m\\u00e1s vulnerables del pa\\u00eds, a trav\\u00e9s del deporte, el juego, la recreaci\\u00f3n, la educaci\\u00f3n y la salud.\",\"url\":\"https:\\\/\\\/www.colombianitos.org\\\/en\\\/\"},{\"@type\":\"Person\",\"@id\":\"https:\\\/\\\/www.colombianitos.org\\\/en\\\/author\\\/francisco-luis\\\/#author\",\"url\":\"https:\\\/\\\/www.colombianitos.org\\\/en\\\/author\\\/francisco-luis\\\/\",\"name\":\"Francisco Luis\",\"image\":{\"@type\":\"ImageObject\",\"@id\":\"https:\\\/\\\/www.colombianitos.org\\\/en\\\/alisson-gisel-gil\\\/#authorImage\",\"url\":\"https:\\\/\\\/secure.gravatar.com\\\/avatar\\\/f2cb2fdb80c0843b4009cb1c1ba67c610d9074de52da26972dde2bf25047e860?s=96&d=mm&r=g\",\"width\":96,\"height\":96,\"caption\":\"Francisco Luis\"}},{\"@type\":\"WebPage\",\"@id\":\"https:\\\/\\\/www.colombianitos.org\\\/en\\\/alisson-gisel-gil\\\/#webpage\",\"url\":\"https:\\\/\\\/www.colombianitos.org\\\/en\\\/alisson-gisel-gil\\\/\",\"name\":\"ALISSON GISEL GIL - Fundaci\\u00f3n Colombianitos\",\"description\":\"Naci\\u00f3 en 2002 y vive en Ciudad Bol\\u00edvar al sur de Bogot\\u00e1, ingres\\u00f3 a la fundaci\\u00f3n en el a\\u00f1o 2012, lo que le permiti\\u00f3 cambiar su pensamiento, desarrollar su capacidad de liderazgo y comunicarse mejor con las dem\\u00e1s personas. Se convirti\\u00f3 en una Joven Agente de Cambio (JAC) gracias a esto, ha recibido m\\u00faltiples capacitaciones\",\"inLanguage\":\"en-US\",\"isPartOf\":{\"@id\":\"https:\\\/\\\/www.colombianitos.org\\\/en\\\/#website\"},\"breadcrumb\":{\"@id\":\"https:\\\/\\\/www.colombianitos.org\\\/en\\\/alisson-gisel-gil\\\/#breadcrumblist\"},\"author\":{\"@id\":\"https:\\\/\\\/www.colombianitos.org\\\/en\\\/author\\\/francisco-luis\\\/#author\"},\"creator\":{\"@id\":\"https:\\\/\\\/www.colombianitos.org\\\/en\\\/author\\\/francisco-luis\\\/#author\"},\"datePublished\":\"2021-05-02T03:47:29-05:00\",\"dateModified\":\"2021-05-06T06:28:31-05:00\"},{\"@type\":\"WebSite\",\"@id\":\"https:\\\/\\\/www.colombianitos.org\\\/en\\\/#website\",\"url\":\"https:\\\/\\\/www.colombianitos.org\\\/en\\\/\",\"name\":\"Fundaci\\u00f3n Colombianitos\",\"description\":\"FUNDACI\\u00d3N COLOMBIANITOS, Es una entidad sin \\u00e1nimo de lucro, fundada en el 2001, que busca mejorar la calidad de vida de los ni\\u00f1os, ni\\u00f1as y j\\u00f3venes de las comunidades m\\u00e1s vulnerables del pa\\u00eds, a trav\\u00e9s del deporte, el juego, la recreaci\\u00f3n, la educaci\\u00f3n y la salud.\",\"inLanguage\":\"en-US\",\"publisher\":{\"@id\":\"https:\\\/\\\/www.colombianitos.org\\\/en\\\/#organization\"}}]}\n\t\t<\/script>\n\t\t<!-- All in One SEO -->\n\n","aioseo_head_json":{"title":"ALISSON GISEL GIL - Fundaci\u00f3n Colombianitos","description":"Naci\u00f3 en 2002 y vive en Ciudad Bol\u00edvar al sur de Bogot\u00e1, ingres\u00f3 a la fundaci\u00f3n en el a\u00f1o 2012, lo que le permiti\u00f3 cambiar su pensamiento, desarrollar su capacidad de liderazgo y comunicarse mejor con las dem\u00e1s personas. Se convirti\u00f3 en una Joven Agente de Cambio (JAC) gracias a esto, ha recibido m\u00faltiples capacitaciones","canonical_url":"https:\/\/www.colombianitos.org\/en\/alisson-gisel-gil\/","robots":"max-image-preview:large","keywords":"","webmasterTools":{"miscellaneous":""},"schema":{"@context":"https:\/\/schema.org","@graph":[{"@type":"BlogPosting","@id":"https:\/\/www.colombianitos.org\/en\/alisson-gisel-gil\/#blogposting","name":"ALISSON GISEL GIL - Fundaci\u00f3n Colombianitos","headline":"ALISSON GISEL GIL","author":{"@id":"https:\/\/www.colombianitos.org\/en\/author\/francisco-luis\/#author"},"publisher":{"@id":"https:\/\/www.colombianitos.org\/en\/#organization"},"datePublished":"2021-05-02T03:47:29-05:00","dateModified":"2021-05-06T06:28:31-05:00","inLanguage":"en-US","mainEntityOfPage":{"@id":"https:\/\/www.colombianitos.org\/en\/alisson-gisel-gil\/#webpage"},"isPartOf":{"@id":"https:\/\/www.colombianitos.org\/en\/alisson-gisel-gil\/#webpage"},"articleSection":"Casos de Exito"},{"@type":"BreadcrumbList","@id":"https:\/\/www.colombianitos.org\/en\/alisson-gisel-gil\/#breadcrumblist","itemListElement":[{"@type":"ListItem","@id":"https:\/\/www.colombianitos.org\/en#listItem","position":1,"name":"Inicio","item":"https:\/\/www.colombianitos.org\/en","nextItem":{"@type":"ListItem","@id":"https:\/\/www.colombianitos.org\/en\/category\/casos-de-exito\/#listItem","name":"Casos de Exito"}},{"@type":"ListItem","@id":"https:\/\/www.colombianitos.org\/en\/category\/casos-de-exito\/#listItem","position":2,"name":"Casos de Exito","item":"https:\/\/www.colombianitos.org\/en\/category\/casos-de-exito\/","nextItem":{"@type":"ListItem","@id":"https:\/\/www.colombianitos.org\/en\/alisson-gisel-gil\/#listItem","name":"ALISSON GISEL GIL"},"previousItem":{"@type":"ListItem","@id":"https:\/\/www.colombianitos.org\/en#listItem","name":"Inicio"}},{"@type":"ListItem","@id":"https:\/\/www.colombianitos.org\/en\/alisson-gisel-gil\/#listItem","position":3,"name":"ALISSON GISEL GIL","previousItem":{"@type":"ListItem","@id":"https:\/\/www.colombianitos.org\/en\/category\/casos-de-exito\/#listItem","name":"Casos de Exito"}}]},{"@type":"Organization","@id":"https:\/\/www.colombianitos.org\/en\/#organization","name":"Fundaci\u00f3n Colombianitos","description":"FUNDACI\u00d3N COLOMBIANITOS, Es una entidad sin \u00e1nimo de lucro, fundada en el 2001, que busca mejorar la calidad de vida de los ni\u00f1os, ni\u00f1as y j\u00f3venes de las comunidades m\u00e1s vulnerables del pa\u00eds, a trav\u00e9s del deporte, el juego, la recreaci\u00f3n, la educaci\u00f3n y la salud.","url":"https:\/\/www.colombianitos.org\/en\/"},{"@type":"Person","@id":"https:\/\/www.colombianitos.org\/en\/author\/francisco-luis\/#author","url":"https:\/\/www.colombianitos.org\/en\/author\/francisco-luis\/","name":"Francisco Luis","image":{"@type":"ImageObject","@id":"https:\/\/www.colombianitos.org\/en\/alisson-gisel-gil\/#authorImage","url":"https:\/\/secure.gravatar.com\/avatar\/f2cb2fdb80c0843b4009cb1c1ba67c610d9074de52da26972dde2bf25047e860?s=96&d=mm&r=g","width":96,"height":96,"caption":"Francisco Luis"}},{"@type":"WebPage","@id":"https:\/\/www.colombianitos.org\/en\/alisson-gisel-gil\/#webpage","url":"https:\/\/www.colombianitos.org\/en\/alisson-gisel-gil\/","name":"ALISSON GISEL GIL - Fundaci\u00f3n Colombianitos","description":"Naci\u00f3 en 2002 y vive en Ciudad Bol\u00edvar al sur de Bogot\u00e1, ingres\u00f3 a la fundaci\u00f3n en el a\u00f1o 2012, lo que le permiti\u00f3 cambiar su pensamiento, desarrollar su capacidad de liderazgo y comunicarse mejor con las dem\u00e1s personas. Se convirti\u00f3 en una Joven Agente de Cambio (JAC) gracias a esto, ha recibido m\u00faltiples capacitaciones","inLanguage":"en-US","isPartOf":{"@id":"https:\/\/www.colombianitos.org\/en\/#website"},"breadcrumb":{"@id":"https:\/\/www.colombianitos.org\/en\/alisson-gisel-gil\/#breadcrumblist"},"author":{"@id":"https:\/\/www.colombianitos.org\/en\/author\/francisco-luis\/#author"},"creator":{"@id":"https:\/\/www.colombianitos.org\/en\/author\/francisco-luis\/#author"},"datePublished":"2021-05-02T03:47:29-05:00","dateModified":"2021-05-06T06:28:31-05:00"},{"@type":"WebSite","@id":"https:\/\/www.colombianitos.org\/en\/#website","url":"https:\/\/www.colombianitos.org\/en\/","name":"Fundaci\u00f3n Colombianitos","description":"FUNDACI\u00d3N COLOMBIANITOS, Es una entidad sin \u00e1nimo de lucro, fundada en el 2001, que busca mejorar la calidad de vida de los ni\u00f1os, ni\u00f1as y j\u00f3venes de las comunidades m\u00e1s vulnerables del pa\u00eds, a trav\u00e9s del deporte, el juego, la recreaci\u00f3n, la educaci\u00f3n y la salud.","inLanguage":"en-US","publisher":{"@id":"https:\/\/www.colombianitos.org\/en\/#organization"}}]},"og:locale":"en_US","og:site_name":"Fundaci\u00f3n Colombianitos - FUNDACI\u00d3N COLOMBIANITOS, Es una entidad sin \u00e1nimo de lucro, fundada en el 2001, que busca mejorar la calidad de vida de los ni\u00f1os, ni\u00f1as y j\u00f3venes de las comunidades m\u00e1s vulnerables del pa\u00eds, a trav\u00e9s del deporte, el juego, la recreaci\u00f3n, la educaci\u00f3n y la salud.","og:type":"article","og:title":"ALISSON GISEL GIL - Fundaci\u00f3n Colombianitos","og:description":"Naci\u00f3 en 2002 y vive en Ciudad Bol\u00edvar al sur de Bogot\u00e1, ingres\u00f3 a la fundaci\u00f3n en el a\u00f1o 2012, lo que le permiti\u00f3 cambiar su pensamiento, desarrollar su capacidad de liderazgo y comunicarse mejor con las dem\u00e1s personas. Se convirti\u00f3 en una Joven Agente de Cambio (JAC) gracias a esto, ha recibido m\u00faltiples capacitaciones","og:url":"https:\/\/www.colombianitos.org\/en\/alisson-gisel-gil\/","article:published_time":"2021-05-02T03:47:29+00:00","article:modified_time":"2021-05-06T06:28:31+00:00","twitter:card":"summary_large_image","twitter:title":"ALISSON GISEL GIL - Fundaci\u00f3n Colombianitos","twitter:description":"Naci\u00f3 en 2002 y vive en Ciudad Bol\u00edvar al sur de Bogot\u00e1, ingres\u00f3 a la fundaci\u00f3n en el a\u00f1o 2012, lo que le permiti\u00f3 cambiar su pensamiento, desarrollar su capacidad de liderazgo y comunicarse mejor con las dem\u00e1s personas. Se convirti\u00f3 en una Joven Agente de Cambio (JAC) gracias a esto, ha recibido m\u00faltiples capacitaciones"},"aioseo_meta_data":{"post_id":"711","title":null,"description":null,"keywords":null,"keyphrases":null,"primary_term":null,"canonical_url":null,"og_title":null,"og_description":null,"og_object_type":"default","og_image_type":"default","og_image_url":null,"og_image_width":null,"og_image_height":null,"og_image_custom_url":null,"og_image_custom_fields":null,"og_video":null,"og_custom_url":null,"og_article_section":null,"og_article_tags":null,"twitter_use_og":false,"twitter_card":"default","twitter_image_type":"default","twitter_image_url":null,"twitter_image_custom_url":null,"twitter_image_custom_fields":null,"twitter_title":null,"twitter_description":null,"schema":{"blockGraphs":[],"customGraphs":[],"default":{"data":{"Article":[],"Course":[],"Dataset":[],"FAQPage":[],"Movie":[],"Person":[],"Product":[],"ProductReview":[],"Car":[],"Recipe":[],"Service":[],"SoftwareApplication":[],"WebPage":[]},"graphName":"","isEnabled":true},"graphs":[]},"schema_type":"default","schema_type_options":null,"pillar_content":false,"robots_default":true,"robots_noindex":false,"robots_noarchive":false,"robots_nosnippet":false,"robots_nofollow":false,"robots_noimageindex":false,"robots_noodp":false,"robots_notranslate":false,"robots_max_snippet":null,"robots_max_videopreview":null,"robots_max_imagepreview":"large","priority":null,"frequency":null,"local_seo":null,"breadcrumb_settings":null,"limit_modified_date":false,"ai":null,"created":"2023-03-23 22:18:33","updated":"2025-09-24 01:57:15","seo_analyzer_scan_date":null},"aioseo_breadcrumb":"<div class=\"aioseo-breadcrumbs\"><span class=\"aioseo-breadcrumb\">\n\t\t\t<a href=\"https:\/\/www.colombianitos.org\/en\" title=\"Inicio\">Inicio<\/a>\n\t\t<\/span><span class=\"aioseo-breadcrumb-separator\">&raquo;<\/span><span class=\"aioseo-breadcrumb\">\n\t\t\t<a href=\"https:\/\/www.colombianitos.org\/en\/category\/casos-de-exito\/\" title=\"Casos de Exito\">Casos de Exito<\/a>\n\t\t<\/span><span class=\"aioseo-breadcrumb-separator\">&raquo;<\/span><span class=\"aioseo-breadcrumb\">\n\t\t\tALISSON GISEL GIL\n\t\t<\/span><\/div>","aioseo_breadcrumb_json":[{"label":"Inicio","link":"https:\/\/www.colombianitos.org\/en"},{"label":"Casos de Exito","link":"https:\/\/www.colombianitos.org\/en\/category\/casos-de-exito\/"},{"label":"ALISSON GISEL GIL","link":"https:\/\/www.colombianitos.org\/en\/alisson-gisel-gil\/"}],"jetpack_featured_media_url":"","_links":{"self":[{"href":"https:\/\/www.colombianitos.org\/en\/wp-json\/wp\/v2\/posts\/711","targetHints":{"allow":["GET"]}}],"collection":[{"href":"https:\/\/www.colombianitos.org\/en\/wp-json\/wp\/v2\/posts"}],"about":[{"href":"https:\/\/www.colombianitos.org\/en\/wp-json\/wp\/v2\/types\/post"}],"author":[{"embeddable":true,"href":"https:\/\/www.colombianitos.org\/en\/wp-json\/wp\/v2\/users\/3"}],"replies":[{"embeddable":true,"href":"https:\/\/www.colombianitos.org\/en\/wp-json\/wp\/v2\/comments?post=711"}],"version-history":[{"count":3,"href":"https:\/\/www.colombianitos.org\/en\/wp-json\/wp\/v2\/posts\/711\/revisions"}],"predecessor-version":[{"id":8249,"href":"https:\/\/www.colombianitos.org\/en\/wp-json\/wp\/v2\/posts\/711\/revisions\/8249"}],"wp:attachment":[{"href":"https:\/\/www.colombianitos.org\/en\/wp-json\/wp\/v2\/media?parent=711"}],"wp:term":[{"taxonomy":"category","embeddable":true,"href":"https:\/\/www.colombianitos.org\/en\/wp-json\/wp\/v2\/categories?post=711"},{"taxonomy":"post_tag","embeddable":true,"href":"https:\/\/www.colombianitos.org\/en\/wp-json\/wp\/v2\/tags?post=711"}],"curies":[{"name":"wp","href":"https:\/\/api.w.org\/{rel}","templated":true}]}}