{"id":6921,"date":"2019-08-14T09:10:53","date_gmt":"2019-08-14T14:10:53","guid":{"rendered":"https:\/\/colombianitos.org\/?p=6921"},"modified":"2019-08-14T09:10:53","modified_gmt":"2019-08-14T14:10:53","slug":"jovenes-narran-en-podcast-por-una-segunda-oportunidad-2-2","status":"publish","type":"post","link":"https:\/\/www.colombianitos.org\/en\/jovenes-narran-en-podcast-por-una-segunda-oportunidad-2-2\/","title":{"rendered":"Carlos Vives inaugurar\u00e1 \u2018La casa de los Pesca\u00edtos\u2019"},"content":{"rendered":"<body><p>Desde el d\u00eda de ayer el equipo de voluntarios est\u00e1 preparando la apertura de la Ludoteca \u2018La casa de los Pesca\u00edtos\u2019.<\/p>\n<section class=\"article-content\"><strong>Por: Mar\u00eda patricia Guti\u00e9rrez M.<\/strong><br>\n<strong><strong>Redacci\u00f3n EL INFORMADOR<\/strong><\/strong>\u00a0<br>\nA partir de las 4:00 de la tarde del jueves 15 de agosto, Carlos Vives estar\u00e1 en el barrio Pesca\u00edto, con el objetivo de inaugurar la Ludoteca del sector llamada \u2018La casa de los Pesca\u00edtos\u2019.<br>\nEl cantante samario inaugurar\u00e1 la Ludoteca junto a su esposa Claudia Elena V\u00e1squez y representantes de las entidades aliadas del proyecto.<strong>La casa de los Pesca\u00edtos<\/strong><br>\nEs el nombre de la Ludoteca. Es la primera piedra del sue\u00f1o de Carlos Vives y su esposa de revitalizar a Pesca\u00edto.<br>\nLa Ludoteca es un lugar donde se cultivan los sue\u00f1os de los m\u00e1s peque\u00f1os y donde toda la comunidad podr\u00e1 encontrar un espacio abierto para disfrutar y volver a creer en las posibilidades del barrio.<br>\n<strong>El proyecto<\/strong><br>\nFue dise\u00f1ado por el arquitecto Sim\u00f3n Hosie y construido con recursos de la multinacional DirecTV, es de anotar que el proyecto fue apoyado por distintas entidades como: corporaci\u00f3n Juego y Ni\u00f1ez, Bancolombia, Allianz Colombia y la Alcald\u00eda de Santa Marta, Fundaci\u00f3n Colombianitos, entre otros.<br>\n<strong>Montaje de la inauguraci\u00f3n <\/strong><br>\nDesde el d\u00eda de ayer la calle 8 #6-09, se encuentra llena de voluntarios de Latinoam\u00e9rica y del barrio, quienes han realizado distintas labores, tales como: talleres de muralismo, carpinter\u00eda, construcci\u00f3n de huertas caseras, tejido de sillas y creaci\u00f3n de juegos.<br>\n<strong>La Ludoteca es una realidad <\/strong><br>\nLuis Guillermo Hern\u00e1ndez, gerente de responsabilidad social en Directv Colombia, habl\u00f3 con EL INFORMADOR y explic\u00f3 los \u00faltimos detalles de la Ludoteca: \u201ctras la iniciativa liderada por la fundaci\u00f3n \u2018Tras La Perla\u2019 y la alianza con nosotros y otras instituciones, la Ludoteca para Pesca\u00edto es una realidad, le cumplimos no solo al barrio, a la ciudad, al pa\u00eds y al mundo\u201d<br>\n\u201cEste gran sue\u00f1o que un d\u00eda vision\u00f3 una pareja de esposos hoy es una realidad\u201d dijo Hern\u00e1ndez.<br>\n<strong>Fundaci\u00f3n Colombianitos llega a Santa Marta<\/strong><br>\nTodo este proyecto ha tenido el apoyo de distintas entidades, una de esas es la Fundaci\u00f3n Colombianitos, la cual utiliza el juego y el deporte como herramienta de desarrollo social y construcci\u00f3n de paz en las aulas y comunidades menos favorecidas de Colombia, esta Fundaci\u00f3n naci\u00f3 hace 18 a\u00f1os por iniciativa de la periodista \u00c1ngela Patricia Janiot. A lo largo de estos a\u00f1os han impactado la vida de m\u00e1s de 127 mil ni\u00f1os, ni\u00f1as y j\u00f3venes en 170 comunidades de nuestro pa\u00eds.<br>\nHoy Colombianitos llega a Santa Marta, espec\u00edficamente al barrio Pesca\u00edto a participar en un proyecto liderado por La Fundaci\u00f3n Tras La Perla y DirecTv llamado \u201cCoraz\u00f3n profundo\u201d esta alianza dejar\u00e1 a la comunidad una Ludoteca que el d\u00eda de ma\u00f1ana estar\u00e1 siendo inaugurada.<br>\n<strong>El apoyo de la fundaci\u00f3n<\/strong><br>\nColombianitos se une al proyecto dejando para los ni\u00f1os de la comunidad unos juegos con intencionalidad pedag\u00f3gica que buscan desarrollar en ellos habilidades sociales y competencias ciudadanas enmarcadas en el sentido de pertenencia por la ciudad de Santa Marta.<br>\n\u201cEstar trabajando hoy por mis Colombianitos de Santa Marta es un sue\u00f1o hecho realidad, estoy feliz de traer el trabajo de nuestra Fundaci\u00f3n a mi tierra y contribuir en el progreso del futuro de este pa\u00eds, nuestros ni\u00f1os, ni\u00f1as y j\u00f3venes\u201d dijo Luz Marina Gual D\u00edazgranados, Directora de Relaciones de la Fundaci\u00f3n Colombianitos.<br>\n<\/section>\n<section><\/section>\n<section><span style=\"color: #0000ff;\"><a style=\"color: #0000ff;\" href=\"http:\/\/www.elinformador.com.co\/index.php\/sociales\/54-entretenimiento\/210446-carlos-vives-inaugurara-la-casa-de-los-pescaitos\">V\u00cdA: El informador<\/a><\/span><\/section>\n<\/body>","protected":false},"excerpt":{"rendered":"<p>Desde el d\u00eda de ayer el equipo de voluntarios est\u00e1 preparando la apertura de la Ludoteca \u2018La casa de los Pesca\u00edtos\u2019. Por: Mar\u00eda patricia Guti\u00e9rrez M. Redacci\u00f3n EL INFORMADOR\u00a0 A partir de las 4:00 de la tarde del jueves 15 de agosto, Carlos Vives estar\u00e1 en el barrio Pesca\u00edto, con el objetivo de inaugurar la [&hellip;]<\/p>","protected":false},"author":4,"featured_media":6933,"comment_status":"closed","ping_status":"open","sticky":false,"template":"","format":"standard","meta":{"nf_dc_page":"","_et_pb_use_builder":"","_et_pb_old_content":"","_et_gb_content_width":"","om_disable_all_campaigns":false,"_monsterinsights_skip_tracking":false,"_monsterinsights_sitenote_active":false,"_monsterinsights_sitenote_note":"","_monsterinsights_sitenote_category":0,"_jetpack_memberships_contains_paid_content":false,"footnotes":""},"categories":[16],"tags":[],"class_list":["post-6921","post","type-post","status-publish","format-standard","has-post-thumbnail","hentry","category-sin-categorizar"],"aioseo_notices":[],"jetpack_featured_media_url":"","jetpack_sharing_enabled":true,"_links":{"self":[{"href":"https:\/\/www.colombianitos.org\/en\/wp-json\/wp\/v2\/posts\/6921","targetHints":{"allow":["GET"]}}],"collection":[{"href":"https:\/\/www.colombianitos.org\/en\/wp-json\/wp\/v2\/posts"}],"about":[{"href":"https:\/\/www.colombianitos.org\/en\/wp-json\/wp\/v2\/types\/post"}],"author":[{"embeddable":true,"href":"https:\/\/www.colombianitos.org\/en\/wp-json\/wp\/v2\/users\/4"}],"replies":[{"embeddable":true,"href":"https:\/\/www.colombianitos.org\/en\/wp-json\/wp\/v2\/comments?post=6921"}],"version-history":[{"count":0,"href":"https:\/\/www.colombianitos.org\/en\/wp-json\/wp\/v2\/posts\/6921\/revisions"}],"wp:featuredmedia":[{"embeddable":true,"href":"https:\/\/www.colombianitos.org\/en\/wp-json\/"}],"wp:attachment":[{"href":"https:\/\/www.colombianitos.org\/en\/wp-json\/wp\/v2\/media?parent=6921"}],"wp:term":[{"taxonomy":"category","embeddable":true,"href":"https:\/\/www.colombianitos.org\/en\/wp-json\/wp\/v2\/categories?post=6921"},{"taxonomy":"post_tag","embeddable":true,"href":"https:\/\/www.colombianitos.org\/en\/wp-json\/wp\/v2\/tags?post=6921"}],"curies":[{"name":"wp","href":"https:\/\/api.w.org\/{rel}","templated":true}]}}