{"id":672,"date":"2021-05-02T00:07:03","date_gmt":"2021-05-02T00:07:03","guid":{"rendered":"http:\/\/box2392.temp.domains\/~colombt6\/?p=672"},"modified":"2021-05-12T20:51:29","modified_gmt":"2021-05-12T20:51:29","slug":"jonathan-caceres","status":"publish","type":"post","link":"https:\/\/www.colombianitos.org\/en\/jonathan-caceres\/","title":{"rendered":"JONATHAN C\u00c1CERES"},"content":{"rendered":"<body><p>[et_pb_section fb_built=\u201d1\u2033 admin_label=\u201dSecci\u00f3n\u201d _builder_version=\u201d4.9.4\u2033 _module_preset=\u201ddefault\u201d background_color=\u201dRGBA(0,0,0,0)\u201d][et_pb_row column_structure=\u201d1_2,1_2\u2033 _builder_version=\u201d4.9.4\u2033 _module_preset=\u201ddefault\u201d custom_margin=\u201d-261px|auto||auto||\u201d custom_padding=\u201d4px|||||\u201d][et_pb_column type=\u201d1_2\u2033 _builder_version=\u201d4.9.4\u2033 _module_preset=\u201ddefault\u201d][et_pb_image src=\u201dhttp:\/\/box2392.temp.domains\/~colombt6\/wp-content\/uploads\/2021\/05\/Jonathan-Caceres-1.jpg\u201d title_text=\u201dJonathan Caceres\u201d admin_label=\u201dImagen\u201d _builder_version=\u201d4.9.4\u2033 _module_preset=\u201ddefault\u201d animation_style=\u201dfade\u201d][\/et_pb_image][\/et_pb_column][et_pb_column type=\u201d1_2\u2033 _builder_version=\u201d4.9.4\u2033 _module_preset=\u201ddefault\u201d background_enable_color=\u201doff\u201d][et_pb_text admin_label=\u201dTexto\u201d _builder_version=\u201d4.9.4\u2033 _module_preset=\u201ddefault\u201d text_font_size=\u201d16px\u201d text_line_height=\u201d1.8em\u201d background_color=\u201d#FFFFFF\u201d width=\u201d100%\u201d custom_padding=\u201d35px|50px|26px|50px|false|false\u201d animation_style=\u201dfade\u201d]<\/p>\n<p><span style=\"font-weight: 400;\">Jonathan was born in 2004, he lives with his father and is the youngest of 4 siblings.<\/span><\/p>\n<p><span style=\"font-weight: 400;\"> He joined Colombianitos in 2018, right after coming out of a rehabilitation process in the ICBF for SPA consumption. Three months after starting the training at Colombianitos, he began to stand out for his leadership in activities. This led him to participate in our Youth Leadership program.<\/span><\/p>\n<p><span style=\"font-weight: 400;\">In this program, he has had the opportunity to create his life project and thanks to his dedication and interest in learning, he was able to resume his studies and attend sixth grade at Colegio San Rafael.<\/span><\/p>\n<p><span style=\"font-weight: 400;\">Jonathan tells us that Colombianitos has helped him want to go back to school and while doing\nso, he takes advantage of his free time studying different subjects with the coaches. Nowadays\nhe can proudly say that he has not used any psychoactive substances for 2 years, and his dream is to become a psychiatrist to help other people overcome their problems.<\/span><\/p>\n<p>[\/et_pb_text][\/et_pb_column][\/et_pb_row][\/et_pb_section]<\/p>\n<\/body>","protected":false},"excerpt":{"rendered":"<p>Jonathan naci\u00f3 en el 2004, vive con su padre y es el menor de 4 hermanos. Ingres\u00f3 a Colombianitos en el 2018, luego de salir de un proceso de rehabilitaci\u00f3n en el ICBF por consumo de SPA. A los 3 meses de iniciar los entrenamientos en Colombianitos empez\u00f3 a destacarse por su liderazgo en las [&hellip;]<\/p>","protected":false},"author":3,"featured_media":0,"comment_status":"open","ping_status":"open","sticky":false,"template":"","format":"standard","meta":{"nf_dc_page":"","_et_pb_use_builder":"on","_et_pb_old_content":"","_et_gb_content_width":"","om_disable_all_campaigns":false,"_monsterinsights_skip_tracking":false,"_monsterinsights_sitenote_active":false,"_monsterinsights_sitenote_note":"","_monsterinsights_sitenote_category":0,"_jetpack_memberships_contains_paid_content":false,"footnotes":""},"categories":[10],"tags":[],"class_list":["post-672","post","type-post","status-publish","format-standard","hentry","category-casos-de-exito"],"aioseo_notices":[],"jetpack_featured_media_url":"","jetpack_sharing_enabled":true,"_links":{"self":[{"href":"https:\/\/www.colombianitos.org\/en\/wp-json\/wp\/v2\/posts\/672","targetHints":{"allow":["GET"]}}],"collection":[{"href":"https:\/\/www.colombianitos.org\/en\/wp-json\/wp\/v2\/posts"}],"about":[{"href":"https:\/\/www.colombianitos.org\/en\/wp-json\/wp\/v2\/types\/post"}],"author":[{"embeddable":true,"href":"https:\/\/www.colombianitos.org\/en\/wp-json\/wp\/v2\/users\/3"}],"replies":[{"embeddable":true,"href":"https:\/\/www.colombianitos.org\/en\/wp-json\/wp\/v2\/comments?post=672"}],"version-history":[{"count":4,"href":"https:\/\/www.colombianitos.org\/en\/wp-json\/wp\/v2\/posts\/672\/revisions"}],"predecessor-version":[{"id":681,"href":"https:\/\/www.colombianitos.org\/en\/wp-json\/wp\/v2\/posts\/672\/revisions\/681"}],"wp:attachment":[{"href":"https:\/\/www.colombianitos.org\/en\/wp-json\/wp\/v2\/media?parent=672"}],"wp:term":[{"taxonomy":"category","embeddable":true,"href":"https:\/\/www.colombianitos.org\/en\/wp-json\/wp\/v2\/categories?post=672"},{"taxonomy":"post_tag","embeddable":true,"href":"https:\/\/www.colombianitos.org\/en\/wp-json\/wp\/v2\/tags?post=672"}],"curies":[{"name":"wp","href":"https:\/\/api.w.org\/{rel}","templated":true}]}}