{"id":657,"date":"2021-05-01T21:29:51","date_gmt":"2021-05-01T21:29:51","guid":{"rendered":"http:\/\/box2392.temp.domains\/~colombt6\/?p=657"},"modified":"2021-05-01T21:36:00","modified_gmt":"2021-05-01T21:36:00","slug":"lina-navas","status":"publish","type":"post","link":"https:\/\/www.colombianitos.org\/en\/lina-navas\/","title":{"rendered":"LINA NAVAS"},"content":{"rendered":"<body><p>[et_pb_section fb_built=\u201d1\u2033 admin_label=\u201dSecci\u00f3n\u201d _builder_version=\u201d4.9.4\u2033 _module_preset=\u201ddefault\u201d background_color=\u201dRGBA(0,0,0,0)\u201d][et_pb_row column_structure=\u201d1_2,1_2\u2033 _builder_version=\u201d4.9.4\u2033 _module_preset=\u201ddefault\u201d custom_margin=\u201d-261px|auto||auto||\u201d custom_padding=\u201d4px|||||\u201d][et_pb_column type=\u201d1_2\u2033 _builder_version=\u201d4.9.4\u2033 _module_preset=\u201ddefault\u201d][et_pb_image src=\u201dhttp:\/\/box2392.temp.domains\/~colombt6\/wp-content\/uploads\/2021\/05\/Lina-Navas.png\u201d title_text=\u201dLina Navas\u201d admin_label=\u201dImagen\u201d _builder_version=\u201d4.9.4\u2033 _module_preset=\u201ddefault\u201d animation_style=\u201dfade\u201d][\/et_pb_image][\/et_pb_column][et_pb_column type=\u201d1_2\u2033 _builder_version=\u201d4.9.4\u2033 _module_preset=\u201ddefault\u201d background_enable_color=\u201doff\u201d][et_pb_text admin_label=\u201dTexto\u201d _builder_version=\u201d4.9.4\u2033 _module_preset=\u201ddefault\u201d text_font_size=\u201d16px\u201d text_line_height=\u201d1.8em\u201d background_color=\u201d#FFFFFF\u201d width=\u201d100%\u201d custom_padding=\u201d35px|50px|26px|50px|false|false\u201d animation_style=\u201dfade\u201d]<\/p>\n<p>Born in 1999, lives in Bucaramanga, she joined the Foundation in 2009 right after having to leave the Jos\u00e9 Antonio gal\u00e1n neighborhood due to a strong winter wave, she joined the \u201cGoles para una Vida Mejor\u201d (goals for a better life) program at the Colombianitos headquarters in Villas de San Ignacio, which had just been inaugurated.<\/p>\n<p>For Lina, the years she spent in the Foundation\nwere full of life lessons and constant self-growth as a person and as a player.<\/p>\n<p>In 2019 she graduated in Sports Technology in the Unidades Tecnol\u00f3gicas de Santander and\ntoday she is part of the Colombianitos team of professionals where she works for children and\nyoung adults in the north of the city so that they too can make their dreams come true.<\/p>\n<p>Lina is grateful for all the things that the Fundaci\u00f3n Colombianitos has contributed to her life, for the lessons, advice, teachings, and for the experiences that allowed her to see what a great woman she will be.<\/p>\n<p>Nowadays she believes that everything happens for a reason, and it was all thanks to\nColombianitos. She managed to go from just liking sports, to practicing it, making part of a group, learning from it, and being able to inspire others on what she has learned.<\/p>\n<p>[\/et_pb_text][\/et_pb_column][\/et_pb_row][\/et_pb_section]<\/p>\n<\/body>","protected":false},"excerpt":{"rendered":"<p>Naci\u00f3 en 1999, vive en Bucaramanga, ingres\u00f3 a la Fundaci\u00f3n en el 2009 luego de tener que abandonar el barrio Jos\u00e9 Antonio Gal\u00e1n por una fuerte ola invernal, se vincul\u00f3 al programa \u2018Goles para una vida mejor\u2019 en la sede de Colombianitos en Villas de San Ignacio, que estaba reci\u00e9n inaugurada. Para Lina los a\u00f1os [&hellip;]<\/p>","protected":false},"author":3,"featured_media":660,"comment_status":"open","ping_status":"open","sticky":false,"template":"","format":"standard","meta":{"nf_dc_page":"","_et_pb_use_builder":"on","_et_pb_old_content":"","_et_gb_content_width":"","om_disable_all_campaigns":false,"_monsterinsights_skip_tracking":false,"_monsterinsights_sitenote_active":false,"_monsterinsights_sitenote_note":"","_monsterinsights_sitenote_category":0,"_jetpack_memberships_contains_paid_content":false,"footnotes":""},"categories":[10],"tags":[],"class_list":["post-657","post","type-post","status-publish","format-standard","has-post-thumbnail","hentry","category-casos-de-exito"],"aioseo_notices":[],"jetpack_featured_media_url":"https:\/\/i0.wp.com\/www.colombianitos.org\/wp-content\/uploads\/2021\/05\/Lina-Navas.png?fit=594%2C666&ssl=1","jetpack_sharing_enabled":true,"_links":{"self":[{"href":"https:\/\/www.colombianitos.org\/en\/wp-json\/wp\/v2\/posts\/657","targetHints":{"allow":["GET"]}}],"collection":[{"href":"https:\/\/www.colombianitos.org\/en\/wp-json\/wp\/v2\/posts"}],"about":[{"href":"https:\/\/www.colombianitos.org\/en\/wp-json\/wp\/v2\/types\/post"}],"author":[{"embeddable":true,"href":"https:\/\/www.colombianitos.org\/en\/wp-json\/wp\/v2\/users\/3"}],"replies":[{"embeddable":true,"href":"https:\/\/www.colombianitos.org\/en\/wp-json\/wp\/v2\/comments?post=657"}],"version-history":[{"count":9,"href":"https:\/\/www.colombianitos.org\/en\/wp-json\/wp\/v2\/posts\/657\/revisions"}],"predecessor-version":[{"id":670,"href":"https:\/\/www.colombianitos.org\/en\/wp-json\/wp\/v2\/posts\/657\/revisions\/670"}],"wp:featuredmedia":[{"embeddable":true,"href":"https:\/\/www.colombianitos.org\/en\/wp-json\/wp\/v2\/media\/660"}],"wp:attachment":[{"href":"https:\/\/www.colombianitos.org\/en\/wp-json\/wp\/v2\/media?parent=657"}],"wp:term":[{"taxonomy":"category","embeddable":true,"href":"https:\/\/www.colombianitos.org\/en\/wp-json\/wp\/v2\/categories?post=657"},{"taxonomy":"post_tag","embeddable":true,"href":"https:\/\/www.colombianitos.org\/en\/wp-json\/wp\/v2\/tags?post=657"}],"curies":[{"name":"wp","href":"https:\/\/api.w.org\/{rel}","templated":true}]}}