{"id":240,"date":"2021-06-25T18:51:52","date_gmt":"2021-06-25T18:51:52","guid":{"rendered":"http:\/\/box2392.temp.domains\/~colombt6\/?p=240"},"modified":"2021-09-27T03:41:10","modified_gmt":"2021-09-27T03:41:10","slug":"kimberly-clark","status":"publish","type":"post","link":"https:\/\/www.colombianitos.org\/en\/kimberly-clark\/","title":{"rendered":"Tocancip\u00e1, Puerto Tejada y Barbosa &#8211; Kimberly Clark"},"content":{"rendered":"<body><p>[et_pb_section fb_built=\u201d1\u2033 _builder_version=\u201d4.9.4\u2033 _module_preset=\u201ddefault\u201d background_image=\u201dhttps:\/\/www.colombianitos.org\/wp-content\/uploads\/2021\/04\/Fondo-dos-caritas-aarriba-07.png\u201d background_position=\u201dtop_right\u201d custom_padding=\u201d2px|||||\u201d da_disable_devices=\u201doff|off|off\u201d collapsed=\u201doff\u201d da_is_popup=\u201doff\u201d da_exit_intent=\u201doff\u201d da_has_close=\u201don\u201d da_alt_close=\u201doff\u201d da_dark_close=\u201doff\u201d da_not_modal=\u201don\u201d da_is_singular=\u201doff\u201d da_with_loader=\u201doff\u201d da_has_shadow=\u201don\u201d][et_pb_row column_structure=\u201d1_2,1_2\u2033 _builder_version=\u201d4.9.4\u2033 _module_preset=\u201ddefault\u201d custom_margin=\u201d-195px|auto||auto||\u201d custom_padding=\u201d6px||0px|||\u201d][et_pb_column type=\u201d1_2\u2033 _builder_version=\u201d4.9.4\u2033 _module_preset=\u201ddefault\u201d][et_pb_image src=\u201dhttps:\/\/www.colombianitos.org\/wp-content\/uploads\/2021\/04\/kimberly_clark.png\u201d title_text=\u201dkimberly_clark\u201d _builder_version=\u201d4.9.4\u2033 _module_preset=\u201ddefault\u201d width=\u201d80%\u201d max_width=\u201d80%\u201d custom_margin=\u201d|||-80px||\u201d][\/et_pb_image][\/et_pb_column][et_pb_column type=\u201d1_2\u2033 _builder_version=\u201d4.9.4\u2033 _module_preset=\u201ddefault\u201d][\/et_pb_column][\/et_pb_row][et_pb_row _builder_version=\u201d4.9.4\u2033 _module_preset=\u201ddefault\u201d custom_margin=\u201d-10px|auto||auto||\u201d][et_pb_column type=\u201d4_4\u2033 _builder_version=\u201d4.9.4\u2033 _module_preset=\u201ddefault\u201d][et_pb_text _builder_version=\u201d4.9.4\u2033 _module_preset=\u201ddefault\u201d custom_margin=\u201d3px|||||\u201d hover_enabled=\u201d0\u2033 sticky_enabled=\u201d0\u2033]<\/p>\n<p><span style=\"font-weight: 400;\">15 years ago we started a great alliance with Kimberly Clark Colombia, its purpose was to\ntransform the future of children and young adults using sports and recreational-pedagogical activities as a tool for social development in regions of the country where the KCC operates.<\/span><\/p>\n<p><span style=\"font-weight: 400;\">The project with Kimberly took place in the municipality of Puerto Tejada, Cauca, then in 2006 we went to Barbosa, Antioquia and in 2013 thanks to the success of our involvement, we completed our operations in the three regions under the KCC influence, we inaugurated the center of Toncancip\u00e1, Cundinamarce, which has given us the trajectory to benefit around 20,000 boys, girls and young adults.\u00a0<\/span><\/p>\n<p><span style=\"font-weight: 400;\">\u00a0<\/span><span style=\"font-weight: 400;\">During this time we have implemented various curriculums according to the needs of the\ncommunities and Kimberly\u2019s social responsibility goals.<\/span><\/p>\n<p><span style=\"font-weight: 400;\">With the program \u201cEstamos Dejando Huella\u201d (We are leaving a mark) we have developed\nmethods about gender equity and environmental sustainability in six educational institutions\nfrom these municipalities, benefiting 1.852 students, 47 teachers, and 106 parents.<\/span><\/p>\n<p><span style=\"font-weight: 400;\">From the beginning, the project has wanted to create environmental leaders that can identify\nthe problems of their community and come up with alternatives to mitigate those needs. such\nas installing ecological points in educational institutions and implementing recycling and\nwaste reuse campaigns.<\/span><\/p>\n<p><span style=\"font-weight: 400;\">With the curriculum \u201cJugamos en la Misma Cancha\u201d (We play in the same field), we use\nsports and education to teach our children in gender equity, benefiting 851 students in\nbetween the sixth and ninth grade, as well as families and members of the educational\ncommunity. <\/span><\/p>\n<p>[\/et_pb_text][\/et_pb_column][\/et_pb_row][\/et_pb_section][et_pb_section fb_built=\u201d1\u2033 _builder_version=\u201d4.9.4\u2033 _module_preset=\u201ddefault\u201d custom_margin=\u201d-37px|||||\u201d custom_padding=\u201d||0px|||\u201d da_disable_devices=\u201doff|off|off\u201d da_is_popup=\u201doff\u201d da_exit_intent=\u201doff\u201d da_has_close=\u201don\u201d da_alt_close=\u201doff\u201d da_dark_close=\u201doff\u201d da_not_modal=\u201don\u201d da_is_singular=\u201doff\u201d da_with_loader=\u201doff\u201d da_has_shadow=\u201don\u201d][et_pb_row _builder_version=\u201d4.9.4\u2033 _module_preset=\u201ddefault\u201d custom_margin=\u201d-46px|auto||auto||\u201d custom_padding=\u201d2px|||||\u201d][et_pb_column type=\u201d4_4\u2033 _builder_version=\u201d4.9.4\u2033 _module_preset=\u201ddefault\u201d][dica_divi_carousel show_items_desktop=\u201d1\u2033 show_items_tablet=\u201d1\u2033 multislide=\u201don\u201d centermode=\u201don\u201d autoplay=\u201don\u201d hoverpause=\u201don\u201d arrow_nav=\u201don\u201d advanced_effect=\u201d1\u2033 _builder_version=\u201d4.9.4\u2033 _module_preset=\u201ddefault\u201d][dica_divi_carouselitem button_url_new_window=\u201d1\u2033 image=\u201dhttp:\/\/box2392.temp.domains\/~colombt6\/wp-content\/uploads\/2021\/04\/5.jpg\u201d _builder_version=\u201d4.9.4\u2033 _module_preset=\u201ddefault\u201d][\/dica_divi_carouselitem][dica_divi_carouselitem button_url_new_window=\u201d1\u2033 image=\u201dhttp:\/\/box2392.temp.domains\/~colombt6\/wp-content\/uploads\/2021\/04\/12092019-_MG_9476.jpg\u201d _builder_version=\u201d4.9.4\u2033 _module_preset=\u201ddefault\u201d][\/dica_divi_carouselitem][dica_divi_carouselitem button_url_new_window=\u201d1\u2033 image=\u201dhttp:\/\/box2392.temp.domains\/~colombt6\/wp-content\/uploads\/2021\/04\/17092019-_MG_1629.jpg\u201d _builder_version=\u201d4.9.4\u2033 _module_preset=\u201ddefault\u201d][\/dica_divi_carouselitem][dica_divi_carouselitem button_url_new_window=\u201d1\u2033 image=\u201dhttp:\/\/box2392.temp.domains\/~colombt6\/wp-content\/uploads\/2021\/04\/09032021-DSC_3295.jpg\u201d _builder_version=\u201d4.9.4\u2033 _module_preset=\u201ddefault\u201d][\/dica_divi_carouselitem][\/dica_divi_carousel][\/et_pb_column][\/et_pb_row][\/et_pb_section]<\/p>\n<\/body>","protected":false},"excerpt":{"rendered":"<p>En el a\u00f1o 2015 iniciamos una gran alianza con Kimberly Clark Colombia (KCC), que tiene como objetivo transformar el futuro de los ni\u00f1os, ni\u00f1as y j\u00f3venes utilizando el deporte y las actividades l\u00fadico-pedag\u00f3gicas como herramienta de desarrollo social en regiones del pa\u00eds en donde opera KCC. La apertura del proyecto con Kimberly fue en el [&hellip;]<\/p>","protected":false},"author":4,"featured_media":649,"comment_status":"open","ping_status":"open","sticky":false,"template":"","format":"standard","meta":{"nf_dc_page":"","_et_pb_use_builder":"on","_et_pb_old_content":"","_et_gb_content_width":"","om_disable_all_campaigns":false,"_monsterinsights_skip_tracking":false,"_monsterinsights_sitenote_active":false,"_monsterinsights_sitenote_note":"","_monsterinsights_sitenote_category":0,"_jetpack_memberships_contains_paid_content":false,"footnotes":""},"categories":[9,12],"tags":[],"class_list":["post-240","post","type-post","status-publish","format-standard","has-post-thumbnail","hentry","category-proyectos","category-proyectos-destacados"],"aioseo_notices":[],"jetpack_featured_media_url":"https:\/\/i0.wp.com\/www.colombianitos.org\/wp-content\/uploads\/2021\/04\/FondoKimberly.jpg?fit=1318%2C879&ssl=1","jetpack_sharing_enabled":true,"_links":{"self":[{"href":"https:\/\/www.colombianitos.org\/en\/wp-json\/wp\/v2\/posts\/240","targetHints":{"allow":["GET"]}}],"collection":[{"href":"https:\/\/www.colombianitos.org\/en\/wp-json\/wp\/v2\/posts"}],"about":[{"href":"https:\/\/www.colombianitos.org\/en\/wp-json\/wp\/v2\/types\/post"}],"author":[{"embeddable":true,"href":"https:\/\/www.colombianitos.org\/en\/wp-json\/wp\/v2\/users\/4"}],"replies":[{"embeddable":true,"href":"https:\/\/www.colombianitos.org\/en\/wp-json\/wp\/v2\/comments?post=240"}],"version-history":[{"count":4,"href":"https:\/\/www.colombianitos.org\/en\/wp-json\/wp\/v2\/posts\/240\/revisions"}],"predecessor-version":[{"id":10028,"href":"https:\/\/www.colombianitos.org\/en\/wp-json\/wp\/v2\/posts\/240\/revisions\/10028"}],"wp:featuredmedia":[{"embeddable":true,"href":"https:\/\/www.colombianitos.org\/en\/wp-json\/wp\/v2\/media\/649"}],"wp:attachment":[{"href":"https:\/\/www.colombianitos.org\/en\/wp-json\/wp\/v2\/media?parent=240"}],"wp:term":[{"taxonomy":"category","embeddable":true,"href":"https:\/\/www.colombianitos.org\/en\/wp-json\/wp\/v2\/categories?post=240"},{"taxonomy":"post_tag","embeddable":true,"href":"https:\/\/www.colombianitos.org\/en\/wp-json\/wp\/v2\/tags?post=240"}],"curies":[{"name":"wp","href":"https:\/\/api.w.org\/{rel}","templated":true}]}}