{"id":2053,"date":"2015-04-21T15:23:55","date_gmt":"2015-04-21T20:23:55","guid":{"rendered":"https:\/\/colombianitos.org\/v1\/?p=2053"},"modified":"2015-04-21T15:23:55","modified_gmt":"2015-04-21T20:23:55","slug":"bancolombia-nuevo-aliado-comercial-de-la-seleccion-colombia","status":"publish","type":"post","link":"https:\/\/www.colombianitos.org\/en\/bancolombia-nuevo-aliado-comercial-de-la-seleccion-colombia\/","title":{"rendered":"Bancolombia, nuevo aliado comercial de la selecci\u00f3n Colombia"},"content":{"rendered":"<body><h6 class=\"epigraph paragraph\">La Federaci\u00f3n Colombiana de F\u00fatbol y Bancolombia anunciaron la nueva alianza comercial para apoyar desde el nivel de aliado a todas las Selecciones Colombia en las diferentes categor\u00edas y modalidades, tanto en damas como en varones. En la foto Carlos Ra\u00fal Yepes, presidente de Bancolombia y Luis Bedoya, presidente de la Federaci\u00f3n de F\u00fatbol.<\/h6>\n<p>\u00a0<\/p>\n<p class=\"epigraph paragraph\">La duod\u00e9cima firma comercial de la Federaci\u00f3n Colombiana de F\u00fatbol para este nuevo ciclo se present\u00f3 este martes con el Banco oficial de la Selecci\u00f3n: Bancolombia.<\/p>\n<p class=\"paragraph\">La Federaci\u00f3n Colombiana de F\u00fatbol y Bancolombia anunciaron este martes la nueva alianza comercial para apoyar, desde el nivel de socio, a todas las Selecciones Colombia en las diferentes categor\u00edas y modalidades, tanto en damas como en varones.<\/p>\n<p class=\"paragraph\">Con un evento en el auditorio de la sede deportiva de la Federaci\u00f3n en Bogot\u00e1, los directivos de la empresa bancaria y de la rectora del f\u00fatbol nacional oficializaron el convenio, con la presencia de la Selecci\u00f3n Colombia Femenina de Mayores, que se alista para la Copa Mundo de la Fifa Canad\u00e1 2015, y la Selecci\u00f3n Colombia Masculina Sub20, que prepara el Mundial de Nueva Zelanda.<\/p>\n<p class=\"paragraph\">\u0093No s\u00f3lo apoyamos el f\u00fatbol y las selecciones femeninas y masculinas en todas sus categor\u00edas, tambi\u00e9n vamos a establecer v\u00ednculos con escuelas de formaci\u00f3n y fundaciones que trabajan por generar espacios de participaci\u00f3n y desarrollo alrededor del deporte\u0094, asegur\u00f3 Carlos Ra\u00fal Yepes, presidente de Bancolombia.<\/p>\n<p class=\"paragraph\">Por su parte, Luis Bedoya, presidente de la Federaci\u00f3n, dijo: \u0093Tenemos el gusto de presentarles a este nuevo e importante jugador del sector financiero de la Federaci\u00f3n, que est\u00e1 vinculado con las selecciones Colombia, como empresa l\u00edder del sector bancario y no s\u00f3lo en lo deportivo, sino en la labor social\u0094.<\/p>\n<p class=\"paragraph\">As\u00ed mismo, Bedoya agreg\u00f3 \u0093durante varios meses hemos venido d\u00e1ndole forma a la vinculaci\u00f3n de Bancolombia y en el camino encontramos sinergia entre dos marcas que unen a los colombianos, por eso desde ahora Bancolombia ser\u00e1 el Banco oficial de la Selecci\u00f3n\u0094.<\/p>\n<p class=\"paragraph\">As\u00ed Bancolombia se une a Homecenter, adidas, Movistar y Chevrolet como socios, en la segunda l\u00ednea de auspiciantes, que tambi\u00e9n tiene a \u00c1guila y Coca Cola como patrocinadores principales y a Avianca, Allianz, Golty, Servientrega y Caracol Televisi\u00f3n como aliados especiales.<\/p>\n<p class=\"paragraph\">\u00a01.500 ni\u00f1os se ver\u00e1n beneficiados con la Fundaci\u00f3n Bancolombia, por medio de la metodolog\u00eda de \u0091F\u00fatbol para la paz\u0092, de la que hacen parte fundaciones como F\u00fatbol con Coraz\u00f3n, Colombianitos, Carvajal y Colombia Somos Todos, esta \u00faltima de James Rodr\u00edguez.<\/p>\n<p class=\"paragraph\">V\u00cdA: <a href=\"http:\/\/www.elpais.com.co\/deportes\/bancolombia-nuevo-aliado-comercial-de-la-seleccion-colombia.html\">EL PA\u00cdS<\/a><\/p>\n<\/body>","protected":false},"excerpt":{"rendered":"<p>La Federaci\u00f3n Colombiana de F\u00fatbol y Bancolombia anunciaron la nueva alianza comercial para apoyar desde el nivel de aliado a todas las Selecciones Colombia en las diferentes categor\u00edas y modalidades, tanto en damas como en varones. En la foto Carlos Ra\u00fal Yepes, presidente de Bancolombia y Luis Bedoya, presidente de la Federaci\u00f3n de F\u00fatbol. \u00a0 [&hellip;]<\/p>","protected":false},"author":4,"featured_media":2058,"comment_status":"closed","ping_status":"open","sticky":false,"template":"","format":"standard","meta":{"nf_dc_page":"","_et_pb_use_builder":"","_et_pb_old_content":"","_et_gb_content_width":"","om_disable_all_campaigns":false,"_monsterinsights_skip_tracking":false,"_monsterinsights_sitenote_active":false,"_monsterinsights_sitenote_note":"","_monsterinsights_sitenote_category":0,"_jetpack_memberships_contains_paid_content":false,"footnotes":""},"categories":[16],"tags":[],"class_list":["post-2053","post","type-post","status-publish","format-standard","has-post-thumbnail","hentry","category-sin-categorizar"],"aioseo_notices":[],"jetpack_featured_media_url":"","jetpack_sharing_enabled":true,"_links":{"self":[{"href":"https:\/\/www.colombianitos.org\/en\/wp-json\/wp\/v2\/posts\/2053","targetHints":{"allow":["GET"]}}],"collection":[{"href":"https:\/\/www.colombianitos.org\/en\/wp-json\/wp\/v2\/posts"}],"about":[{"href":"https:\/\/www.colombianitos.org\/en\/wp-json\/wp\/v2\/types\/post"}],"author":[{"embeddable":true,"href":"https:\/\/www.colombianitos.org\/en\/wp-json\/wp\/v2\/users\/4"}],"replies":[{"embeddable":true,"href":"https:\/\/www.colombianitos.org\/en\/wp-json\/wp\/v2\/comments?post=2053"}],"version-history":[{"count":0,"href":"https:\/\/www.colombianitos.org\/en\/wp-json\/wp\/v2\/posts\/2053\/revisions"}],"wp:featuredmedia":[{"embeddable":true,"href":"https:\/\/www.colombianitos.org\/en\/wp-json\/"}],"wp:attachment":[{"href":"https:\/\/www.colombianitos.org\/en\/wp-json\/wp\/v2\/media?parent=2053"}],"wp:term":[{"taxonomy":"category","embeddable":true,"href":"https:\/\/www.colombianitos.org\/en\/wp-json\/wp\/v2\/categories?post=2053"},{"taxonomy":"post_tag","embeddable":true,"href":"https:\/\/www.colombianitos.org\/en\/wp-json\/wp\/v2\/tags?post=2053"}],"curies":[{"name":"wp","href":"https:\/\/api.w.org\/{rel}","templated":true}]}}