{"id":13784,"date":"2024-10-15T11:36:55","date_gmt":"2024-10-15T16:36:55","guid":{"rendered":"https:\/\/www.colombianitos.org\/?p=13784"},"modified":"2024-10-15T11:36:59","modified_gmt":"2024-10-15T16:36:59","slug":"intercambio-de-diplomacia-deportiva-en-puerto-tejada","status":"publish","type":"post","link":"https:\/\/www.colombianitos.org\/en\/intercambio-de-diplomacia-deportiva-en-puerto-tejada\/","title":{"rendered":"Intercambio de diplomacia deportiva en Puerto Tejada"},"content":{"rendered":"<body><p><\/p>[et_pb_section fb_built=\u201d1\u2033 admin_label=\u201dsection\u201d _builder_version=\u201d4.16\u2033 global_colors_info=\u201d{}\u201d da_is_popup=\u201doff\u201d da_exit_intent=\u201doff\u201d da_has_close=\u201don\u201d da_alt_close=\u201doff\u201d da_dark_close=\u201doff\u201d da_not_modal=\u201don\u201d da_is_singular=\u201doff\u201d da_with_loader=\u201doff\u201d da_has_shadow=\u201don\u201d da_disable_devices=\u201doff|off|off\u201d][et_pb_row admin_label=\u201drow\u201d _builder_version=\u201d4.16\u2033 background_size=\u201dinitial\u201d background_position=\u201dtop_left\u201d background_repeat=\u201drepeat\u201d global_colors_info=\u201d{}\u201d][et_pb_column type=\u201d4_4\u2033 _builder_version=\u201d4.16\u2033 custom_padding=\u201d|||\u201d global_colors_info=\u201d{}\u201d custom_padding__hover=\u201d|||\u201d][et_pb_text _builder_version=\u201d4.20.4\u2033 _module_preset=\u201ddefault\u201d hover_enabled=\u201d0\u2033 global_colors_info=\u201d{}\u201d theme_builder_area=\u201dpost_content\u201d sticky_enabled=\u201d0\u2033]\n<p><strong>05-09-2024<\/strong><\/p>\n<p>[\/et_pb_text][et_pb_text _builder_version=\u201d4.20.4\u2033 _module_preset=\u201ddefault\u201d hover_enabled=\u201d0\u2033 global_colors_info=\u201d{}\u201d theme_builder_area=\u201dpost_content\u201d sticky_enabled=\u201d0\u2033]<\/p>\n<p>Gracias a la alianza establecida con el Gobierno de Australia, el Ministerio de Relaciones Exteriores \u2013 Direcci\u00f3n de Asuntos Culturales y la <strong>Iniciativa de Diplomacia Cultural y Deportiva<\/strong>\u00a0como herramienta de pol\u00edtica exterior, que promueve la inclusi\u00f3n social, el di\u00e1logo intercultural y la convivencia pac\u00edfica, se seleccionaron nueve (9) adolescentes mujeres y un (1) entrenador deportivo de Puerto Tejada \u2013 Cauca para participar de este intercambio de diplomacia deportiva.<\/p>\n<p>Con el objetivo de reactivar la presencia de esta Iniciativa en regiones claves para Colombia, como Ocean\u00eda, y de proporcionar a los j\u00f3venes beneficiarios m\u00e1s oportunidades deportivas y experiencias enriquecedoras, se destac\u00f3 el\u00a0<strong>f\u00fatbol australiano<\/strong>\u00a0como una disciplina que fomenta el trabajo en equipo, valores de convivencia pac\u00edfica y actitudes de cooperaci\u00f3n y respeto mutuo entre sus participantes, caracter\u00edsticas que se consideran importantes resaltar en nuestros beneficiarios.<\/p>\n<p>Este equipo de l\u00edderes del 5 al 22 de septiembre estuvo en las ciudades de S\u00eddney y Melbourne fortaleciendo sus conocimientos y habilidades deportivas del f\u00fatbol australiano, logrando tener entrenamientos y charlas t\u00e9cnicas con equipos reconocidos, as\u00ed como, encuentros culturales que les permitieron vivir experiencias inolvidables. Ahora, ellas se convierten en multiplicadoras en su comunidad, contin\u00faan abogando por la igualdad de g\u00e9nero, la sana convivencia y son promotores de este deporte en su municipio.<\/p>\n<p>Gracias embajada de Australia y Canciller\u00eda de Colombia por permitir que nuestras ni\u00f1as hayan vivido esta experiencia, que sin duda aporta significativamente a su proyecto de vida y al crecimiento de Puerto Tejada.<\/p>\n<p>\u00a0 <img data-recalc-dims=\"1\" decoding=\"async\" class=\"wp-image-13790 alignnone size-large\" src=\"https:\/\/i0.wp.com\/www.colombianitos.org\/wp-content\/uploads\/2024\/10\/Noticia.jpeg?resize=1024%2C771&#038;ssl=1\" alt=\"\" width=\"1024\" height=\"771\" loading=\"lazy\" srcset=\"https:\/\/www.colombianitos.org\/wp-content\/uploads\/2024\/10\/Noticia-980x737.jpeg 980w, https:\/\/www.colombianitos.org\/wp-content\/uploads\/2024\/10\/Noticia-480x361.jpeg 480w\" sizes=\"(min-width: 0px) and (max-width: 480px) 480px, (min-width: 481px) and (max-width: 980px) 980px, (min-width: 981px) 1024px, 100vw\" \/> <img data-recalc-dims=\"1\" decoding=\"async\" class=\"wp-image-13787 alignnone size-large\" src=\"https:\/\/i0.wp.com\/www.colombianitos.org\/wp-content\/uploads\/2024\/10\/noticia-2.jpeg?resize=1024%2C768&#038;ssl=1\" alt=\"\" width=\"1024\" height=\"768\" loading=\"lazy\"> <img data-recalc-dims=\"1\" decoding=\"async\" class=\"wp-image-13788 alignnone size-large\" src=\"https:\/\/i0.wp.com\/www.colombianitos.org\/wp-content\/uploads\/2024\/10\/Noticia-3.jpeg?fit=1024%2C1024&#038;ssl=1\" alt=\"\" width=\"1024\" height=\"1024\" loading=\"lazy\"> <img data-recalc-dims=\"1\" decoding=\"async\" class=\"wp-image-13789 alignnone size-large\" src=\"https:\/\/i0.wp.com\/www.colombianitos.org\/wp-content\/uploads\/2024\/10\/Noticia-4.jpeg?fit=1024%2C1024&#038;ssl=1\" alt=\"\" width=\"1024\" height=\"1024\" loading=\"lazy\"><\/p>\n<p>[\/et_pb_text][\/et_pb_column][\/et_pb_row][\/et_pb_section]<\/p>\n<\/body>","protected":false},"excerpt":{"rendered":"<p>05-09-2024Gracias a la alianza establecida con el Gobierno de Australia, el Ministerio de Relaciones Exteriores &#8211; Direcci\u00f3n de Asuntos Culturales y la Iniciativa de Diplomacia Cultural y Deportiva\u00a0como herramienta de pol\u00edtica exterior, que promueve la inclusi\u00f3n social, el di\u00e1logo intercultural y la convivencia pac\u00edfica, se seleccionaron nueve (9) adolescentes mujeres y un (1) entrenador deportivo [&hellip;]<\/p>","protected":false},"author":4,"featured_media":13791,"comment_status":"open","ping_status":"open","sticky":false,"template":"","format":"standard","meta":{"nf_dc_page":"","_et_pb_use_builder":"on","_et_pb_old_content":"","_et_gb_content_width":"","om_disable_all_campaigns":false,"_monsterinsights_skip_tracking":false,"_monsterinsights_sitenote_active":false,"_monsterinsights_sitenote_note":"","_monsterinsights_sitenote_category":0,"_jetpack_memberships_contains_paid_content":false,"footnotes":""},"categories":[7],"tags":[],"class_list":["post-13784","post","type-post","status-publish","format-standard","has-post-thumbnail","hentry","category-noticias"],"aioseo_notices":[],"jetpack_featured_media_url":"https:\/\/i0.wp.com\/www.colombianitos.org\/wp-content\/uploads\/2024\/10\/PRINCIPAL-e1729010135351.jpeg?fit=1378%2C1064&ssl=1","jetpack_sharing_enabled":true,"_links":{"self":[{"href":"https:\/\/www.colombianitos.org\/en\/wp-json\/wp\/v2\/posts\/13784","targetHints":{"allow":["GET"]}}],"collection":[{"href":"https:\/\/www.colombianitos.org\/en\/wp-json\/wp\/v2\/posts"}],"about":[{"href":"https:\/\/www.colombianitos.org\/en\/wp-json\/wp\/v2\/types\/post"}],"author":[{"embeddable":true,"href":"https:\/\/www.colombianitos.org\/en\/wp-json\/wp\/v2\/users\/4"}],"replies":[{"embeddable":true,"href":"https:\/\/www.colombianitos.org\/en\/wp-json\/wp\/v2\/comments?post=13784"}],"version-history":[{"count":5,"href":"https:\/\/www.colombianitos.org\/en\/wp-json\/wp\/v2\/posts\/13784\/revisions"}],"predecessor-version":[{"id":13795,"href":"https:\/\/www.colombianitos.org\/en\/wp-json\/wp\/v2\/posts\/13784\/revisions\/13795"}],"wp:featuredmedia":[{"embeddable":true,"href":"https:\/\/www.colombianitos.org\/en\/wp-json\/wp\/v2\/media\/13791"}],"wp:attachment":[{"href":"https:\/\/www.colombianitos.org\/en\/wp-json\/wp\/v2\/media?parent=13784"}],"wp:term":[{"taxonomy":"category","embeddable":true,"href":"https:\/\/www.colombianitos.org\/en\/wp-json\/wp\/v2\/categories?post=13784"},{"taxonomy":"post_tag","embeddable":true,"href":"https:\/\/www.colombianitos.org\/en\/wp-json\/wp\/v2\/tags?post=13784"}],"curies":[{"name":"wp","href":"https:\/\/api.w.org\/{rel}","templated":true}]}}