{"id":13544,"date":"2024-04-25T10:23:59","date_gmt":"2024-04-25T15:23:59","guid":{"rendered":"https:\/\/www.colombianitos.org\/?p=13544"},"modified":"2024-04-25T10:24:04","modified_gmt":"2024-04-25T15:24:04","slug":"la-cancilleria-y-la-embajada-de-australia-visitaron-a-nuestras-colombianitas-de-puerto-tejada-cauca","status":"publish","type":"post","link":"https:\/\/www.colombianitos.org\/en\/la-cancilleria-y-la-embajada-de-australia-visitaron-a-nuestras-colombianitas-de-puerto-tejada-cauca\/","title":{"rendered":"La Canciller\u00eda y la embajada de Australia, visitaron a nuestras Colombianitas de Puerto Tejada \u2013 Cauca"},"content":{"rendered":"<body><p><\/p>[et_pb_section fb_built=\u201d1\u2033 admin_label=\u201dsection\u201d _builder_version=\u201d4.16\u2033 da_disable_devices=\u201doff|off|off\u201d global_colors_info=\u201d{}\u201d da_is_popup=\u201doff\u201d da_exit_intent=\u201doff\u201d da_has_close=\u201don\u201d da_alt_close=\u201doff\u201d da_dark_close=\u201doff\u201d da_not_modal=\u201don\u201d da_is_singular=\u201doff\u201d da_with_loader=\u201doff\u201d da_has_shadow=\u201don\u201d][et_pb_row admin_label=\u201drow\u201d _builder_version=\u201d4.16\u2033 background_size=\u201dinitial\u201d background_position=\u201dtop_left\u201d background_repeat=\u201drepeat\u201d global_colors_info=\u201d{}\u201d][et_pb_column type=\u201d4_4\u2033 _builder_version=\u201d4.16\u2033 custom_padding=\u201d|||\u201d global_colors_info=\u201d{}\u201d custom_padding__hover=\u201d|||\u201d][et_pb_text _builder_version=\u201d4.20.4\u2033 _module_preset=\u201ddefault\u201d global_colors_info=\u201d{}\u201d]\n<p><strong>15-04-2024<\/strong><\/p>\n<p>[\/et_pb_text][et_pb_text _builder_version=\u201d4.20.4\u2033 _module_preset=\u201ddefault\u201d global_colors_info=\u201d{}\u201d]<\/p>\n<p>La iniciativa en el marco de \u201cDiplomacia Cultural y Deportiva\u201d liderada por la Canciller y la embajada de Australia, llego a Puerto Tejada cauca, este programa tiene como objetivo fortalecer las relaciones exteriores, mediante la promoci\u00f3n del deporte y la cultura como caminos para la reconciliaci\u00f3n, la inclusi\u00f3n social, el di\u00e1logo intercultural y la convivencia pac\u00edfica entre los ni\u00f1os y j\u00f3venes m\u00e1s vulnerables. De esta manera, se preseleccionaron 15 adolescentes l\u00edderes en deporte, participantes del programa \u201cDejando Huella\u201d apoyado por Kimberly Clark. Estas mujeres, vivieron dos d\u00edas de entrenamientos en f\u00fatbol australiano, donde aprendieron t\u00e9cnicas basadas de est\u00e9 gran deporte por parte de \u201cAustralian Football League\u201d en Colombia, as\u00ed como, dieron a conocer sus habilidades centradas en el liderazgo, el trabajo en equipo y la comunicaci\u00f3n.\u00a0 Asimismo, compartieron los aprendizajes adquiridos en relaci\u00f3n a la equidad de g\u00e9nero, la eliminaci\u00f3n de estereotipos y la prevenci\u00f3n de violencia hacia la mujer.<\/p>\n<p style=\"text-align: left;\">De este grupo de 15, finalmente se seleccionaron 9 Colombianitas que tendr\u00e1n la oportunidad de viajar a Australia para fortalecer sus competencias deportivas de este deporte nativo, tambi\u00e9n, aprender\u00e1n una nueva cultura y vivir\u00e1n experiencias que fortalezcan su liderazgo. Ser\u00e1n la representaci\u00f3n de Colombia\u00a0y\u00a0el\u00a0Cauca.<\/p>\n<p><img data-recalc-dims=\"1\" decoding=\"async\" class=\"wp-image-13550 alignnone size-large\" src=\"https:\/\/i0.wp.com\/www.colombianitos.org\/wp-content\/uploads\/2024\/04\/IMG_1060.jpeg?fit=1024%2C1024&#038;ssl=1\" alt=\"\" width=\"1024\" height=\"1024\" loading=\"lazy\"> <img data-recalc-dims=\"1\" decoding=\"async\" class=\"wp-image-13549 alignnone size-large\" src=\"https:\/\/i0.wp.com\/www.colombianitos.org\/wp-content\/uploads\/2024\/04\/IMG_1048.jpeg?resize=1024%2C576&#038;ssl=1\" alt=\"\" width=\"1024\" height=\"576\" loading=\"lazy\" srcset=\"https:\/\/i0.wp.com\/www.colombianitos.org\/wp-content\/uploads\/2024\/04\/IMG_1048-scaled.jpeg?resize=1024%2C576&amp;ssl=1 1024w, https:\/\/i0.wp.com\/www.colombianitos.org\/wp-content\/uploads\/2024\/04\/IMG_1048-scaled.jpeg?resize=300%2C169&amp;ssl=1 300w, https:\/\/i0.wp.com\/www.colombianitos.org\/wp-content\/uploads\/2024\/04\/IMG_1048-scaled.jpeg?resize=768%2C432&amp;ssl=1 768w, https:\/\/i0.wp.com\/www.colombianitos.org\/wp-content\/uploads\/2024\/04\/IMG_1048-scaled.jpeg?resize=1536%2C864&amp;ssl=1 1536w, https:\/\/i0.wp.com\/www.colombianitos.org\/wp-content\/uploads\/2024\/04\/IMG_1048-scaled.jpeg?resize=2048%2C1152&amp;ssl=1 2048w, https:\/\/i0.wp.com\/www.colombianitos.org\/wp-content\/uploads\/2024\/04\/IMG_1048-scaled.jpeg?resize=18%2C10&amp;ssl=1 18w, https:\/\/i0.wp.com\/www.colombianitos.org\/wp-content\/uploads\/2024\/04\/IMG_1048-scaled.jpeg?resize=1080%2C608&amp;ssl=1 1080w, https:\/\/i0.wp.com\/www.colombianitos.org\/wp-content\/uploads\/2024\/04\/IMG_1048-scaled.jpeg?w=2160&amp;ssl=1 2160w\" sizes=\"(max-width: 1024px) 100vw, 1024px\" \/> <img data-recalc-dims=\"1\" decoding=\"async\" class=\"wp-image-13548 alignnone size-large\" src=\"https:\/\/i0.wp.com\/www.colombianitos.org\/wp-content\/uploads\/2024\/04\/66ee0a79-85a8-4c68-8214-b78c4e2c143d.jpeg?resize=581%2C1024&#038;ssl=1\" alt=\"\" width=\"581\" height=\"1024\" loading=\"lazy\" srcset=\"https:\/\/www.colombianitos.org\/wp-content\/uploads\/2024\/04\/66ee0a79-85a8-4c68-8214-b78c4e2c143d-581x1024.jpeg 581w, https:\/\/www.colombianitos.org\/wp-content\/uploads\/2024\/04\/66ee0a79-85a8-4c68-8214-b78c4e2c143d-480x845.jpeg 480w\" sizes=\"(min-width: 0px) and (max-width: 480px) 480px, (min-width: 481px) 581px, 100vw\" \/><\/p>\n<p>[\/et_pb_text][\/et_pb_column][\/et_pb_row][\/et_pb_section]<\/p>\n<\/body>","protected":false},"excerpt":{"rendered":"<p>15-04-2024La iniciativa en el marco de \u201cDiplomacia Cultural y Deportiva\u201d liderada por la Canciller y la embajada de Australia, llego a Puerto Tejada cauca, este programa tiene como objetivo fortalecer las relaciones exteriores, mediante la promoci\u00f3n del deporte y la cultura como caminos para la reconciliaci\u00f3n, la inclusi\u00f3n social, el di\u00e1logo intercultural y la convivencia [&hellip;]<\/p>","protected":false},"author":4,"featured_media":13546,"comment_status":"open","ping_status":"open","sticky":false,"template":"","format":"standard","meta":{"nf_dc_page":"","_et_pb_use_builder":"on","_et_pb_old_content":"","_et_gb_content_width":"","om_disable_all_campaigns":false,"_monsterinsights_skip_tracking":false,"_monsterinsights_sitenote_active":false,"_monsterinsights_sitenote_note":"","_monsterinsights_sitenote_category":0,"_jetpack_memberships_contains_paid_content":false,"footnotes":""},"categories":[7],"tags":[],"class_list":["post-13544","post","type-post","status-publish","format-standard","has-post-thumbnail","hentry","category-noticias"],"aioseo_notices":[],"jetpack_featured_media_url":"https:\/\/i0.wp.com\/www.colombianitos.org\/wp-content\/uploads\/2024\/04\/principal-1-scaled.jpeg?fit=2560%2C1440&ssl=1","jetpack_sharing_enabled":true,"_links":{"self":[{"href":"https:\/\/www.colombianitos.org\/en\/wp-json\/wp\/v2\/posts\/13544","targetHints":{"allow":["GET"]}}],"collection":[{"href":"https:\/\/www.colombianitos.org\/en\/wp-json\/wp\/v2\/posts"}],"about":[{"href":"https:\/\/www.colombianitos.org\/en\/wp-json\/wp\/v2\/types\/post"}],"author":[{"embeddable":true,"href":"https:\/\/www.colombianitos.org\/en\/wp-json\/wp\/v2\/users\/4"}],"replies":[{"embeddable":true,"href":"https:\/\/www.colombianitos.org\/en\/wp-json\/wp\/v2\/comments?post=13544"}],"version-history":[{"count":5,"href":"https:\/\/www.colombianitos.org\/en\/wp-json\/wp\/v2\/posts\/13544\/revisions"}],"predecessor-version":[{"id":13555,"href":"https:\/\/www.colombianitos.org\/en\/wp-json\/wp\/v2\/posts\/13544\/revisions\/13555"}],"wp:featuredmedia":[{"embeddable":true,"href":"https:\/\/www.colombianitos.org\/en\/wp-json\/wp\/v2\/media\/13546"}],"wp:attachment":[{"href":"https:\/\/www.colombianitos.org\/en\/wp-json\/wp\/v2\/media?parent=13544"}],"wp:term":[{"taxonomy":"category","embeddable":true,"href":"https:\/\/www.colombianitos.org\/en\/wp-json\/wp\/v2\/categories?post=13544"},{"taxonomy":"post_tag","embeddable":true,"href":"https:\/\/www.colombianitos.org\/en\/wp-json\/wp\/v2\/tags?post=13544"}],"curies":[{"name":"wp","href":"https:\/\/api.w.org\/{rel}","templated":true}]}}