{"id":13459,"date":"2024-04-19T17:16:56","date_gmt":"2024-04-19T22:16:56","guid":{"rendered":"https:\/\/www.colombianitos.org\/?p=13459"},"modified":"2024-04-19T17:17:00","modified_gmt":"2024-04-19T22:17:00","slug":"un-gol-a-la-equidad-fifa-foundation","status":"publish","type":"post","link":"https:\/\/www.colombianitos.org\/en\/un-gol-a-la-equidad-fifa-foundation\/","title":{"rendered":"Un gol a la Equidad &#8211; FIFA Foundation"},"content":{"rendered":"<body><p>[et_pb_section fb_built=\u201d1\u2033 admin_label=\u201dsection\u201d _builder_version=\u201d4.16\u2033 da_disable_devices=\u201doff|off|off\u201d global_colors_info=\u201d{}\u201d da_is_popup=\u201doff\u201d da_exit_intent=\u201doff\u201d da_has_close=\u201don\u201d da_alt_close=\u201doff\u201d da_dark_close=\u201doff\u201d da_not_modal=\u201don\u201d da_is_singular=\u201doff\u201d da_with_loader=\u201doff\u201d da_has_shadow=\u201don\u201d][et_pb_row column_structure=\u201d1_2,1_2\u2033 _builder_version=\u201d4.16\u2033 _module_preset=\u201ddefault\u201d custom_margin=\u201d-195px|auto||auto||\u201d custom_padding=\u201d6px||0px|||\u201d global_colors_info=\u201d{}\u201d][et_pb_column type=\u201d1_2\u2033 _builder_version=\u201d4.16\u2033 _module_preset=\u201ddefault\u201d global_colors_info=\u201d{}\u201d][et_pb_image src=\u201dhttps:\/\/www.colombianitos.org\/wp-content\/uploads\/2024\/02\/Fifa-foundation.png\u201d title_text=\u201dFifa foundation\u201d _builder_version=\u201d4.20.4\u2033 _module_preset=\u201ddefault\u201d width=\u201d80%\u201d max_width=\u201d80%\u201d custom_margin=\u201d|||-80px||\u201d global_colors_info=\u201d{}\u201d][\/et_pb_image][\/et_pb_column][et_pb_column type=\u201d1_2\u2033 _builder_version=\u201d4.16\u2033 _module_preset=\u201ddefault\u201d global_colors_info=\u201d{}\u201d][\/et_pb_column][\/et_pb_row][et_pb_row _builder_version=\u201d4.20.4\u2033 _module_preset=\u201ddefault\u201d global_colors_info=\u201d{}\u201d][et_pb_column type=\u201d4_4\u2033 _builder_version=\u201d4.20.4\u2033 _module_preset=\u201ddefault\u201d global_colors_info=\u201d{}\u201d][et_pb_text _builder_version=\u201d4.20.4\u2033 _module_preset=\u201ddefault\u201d custom_margin=\u201d3px|||||\u201d global_colors_info=\u201d{}\u201d]<\/p>\n<p>En alianza con FIFA Foundation, se implementa un proyecto deportivo basado en el f\u00fatbol para fomentar los principios de equidad de g\u00e9nero. 1.320 ni\u00f1os, ni\u00f1as adolescentes y j\u00f3venes de tres instituciones educativas en Antioquia, Cauca y Bogot\u00e1, ser\u00e1n los beneficiarios de esta iniciativa. Los aprendizajes se centrar\u00e1n en rompen los estereotipos y roles de g\u00e9nero, fortaleciendo su lenguaje no sexista ni violento con nuestro curr\u00edculo de equidad de genero \u201cJugamos en la misma cancha\u201d.<br>Por otra parte, tambi\u00e9n participan 128 docentes y 188 padres de familia en talleres que permiten comprender c\u00f3mo el uso del deporte se convierte en una estrategia de transformaci\u00f3n social y de fomentar espacios centrados en equidad de g\u00e9nero.<\/p>\n<p>\u00a0La instituci\u00f3n educativa La Milagrosa en Puerto Tejada \u2013 Cauca, Yarumito Barbosa \u2013 Antioquia y Santa Luisa \u2013 Bogot\u00e1, recibi\u00f3 un kit deportivo y se deja capacidad instalada.<\/p>\n<p>[\/et_pb_text][\/et_pb_column][\/et_pb_row][\/et_pb_section][et_pb_section fb_built=\u201d1\u2033 _builder_version=\u201d4.20.4\u2033 _module_preset=\u201ddefault\u201d da_disable_devices=\u201doff|off|off\u201d global_colors_info=\u201d{}\u201d da_is_popup=\u201doff\u201d da_exit_intent=\u201doff\u201d da_has_close=\u201don\u201d da_alt_close=\u201doff\u201d da_dark_close=\u201doff\u201d da_not_modal=\u201don\u201d da_is_singular=\u201doff\u201d da_with_loader=\u201doff\u201d da_has_shadow=\u201don\u201d][et_pb_row _builder_version=\u201d4.20.4\u2033 _module_preset=\u201ddefault\u201d global_colors_info=\u201d{}\u201d][et_pb_column type=\u201d4_4\u2033 _builder_version=\u201d4.20.4\u2033 _module_preset=\u201ddefault\u201d global_colors_info=\u201d{}\u201d][dica_divi_carousel show_items_desktop=\u201d1\u2033 show_items_tablet=\u201d1\u2033 multislide=\u201don\u201d centermode=\u201don\u201d autoplay=\u201don\u201d hoverpause=\u201don\u201d arrow_nav=\u201don\u201d advanced_effect=\u201d1\u2033 _builder_version=\u201d4.20.4\u2033 _module_preset=\u201ddefault\u201d global_colors_info=\u201d{}\u201d][dica_divi_carouselitem button_url_new_window=\u201d1\u2033 image=\u201dhttps:\/\/www.colombianitos.org\/wp-content\/uploads\/2024\/04\/fifa-1.jpg\u201d _builder_version=\u201d4.20.4\u2033 _module_preset=\u201ddefault\u201d global_colors_info=\u201d{}\u201d][\/dica_divi_carouselitem][dica_divi_carouselitem button_url_new_window=\u201d1\u2033 image=\u201dhttps:\/\/www.colombianitos.org\/wp-content\/uploads\/2024\/04\/fifa-3.jpg\u201d _builder_version=\u201d4.20.4\u2033 _module_preset=\u201ddefault\u201d global_colors_info=\u201d{}\u201d][\/dica_divi_carouselitem][dica_divi_carouselitem button_url_new_window=\u201d1\u2033 image=\u201dhttps:\/\/www.colombianitos.org\/wp-content\/uploads\/2024\/04\/fifa-4.jpg\u201d _builder_version=\u201d4.20.4\u2033 _module_preset=\u201ddefault\u201d global_colors_info=\u201d{}\u201d][\/dica_divi_carouselitem][dica_divi_carouselitem button_url_new_window=\u201d1\u2033 image=\u201dhttps:\/\/www.colombianitos.org\/wp-content\/uploads\/2024\/04\/fifa-5.jpg\u201d _builder_version=\u201d4.20.4\u2033 _module_preset=\u201ddefault\u201d global_colors_info=\u201d{}\u201d][\/dica_divi_carouselitem][dica_divi_carouselitem button_url_new_window=\u201d1\u2033 image=\u201dhttps:\/\/www.colombianitos.org\/wp-content\/uploads\/2024\/04\/fifa-6.jpg\u201d _builder_version=\u201d4.20.4\u2033 _module_preset=\u201ddefault\u201d global_colors_info=\u201d{}\u201d][\/dica_divi_carouselitem][\/dica_divi_carousel][\/et_pb_column][\/et_pb_row][\/et_pb_section]<\/p>\n<\/body>","protected":false},"excerpt":{"rendered":"<p>En alianza con FIFA Foundation, se implementa un proyecto deportivo basado en el f\u00fatbol para fomentar los principios de equidad de g\u00e9nero. 1.320 ni\u00f1os, ni\u00f1as adolescentes y j\u00f3venes de tres instituciones educativas en Antioquia, Cauca y Bogot\u00e1, ser\u00e1n los beneficiarios de esta iniciativa. Los aprendizajes se centrar\u00e1n en rompen los estereotipos y roles de g\u00e9nero, [&hellip;]<\/p>","protected":false},"author":4,"featured_media":13461,"comment_status":"open","ping_status":"open","sticky":false,"template":"","format":"standard","meta":{"nf_dc_page":"","_et_pb_use_builder":"on","_et_pb_old_content":"","_et_gb_content_width":"","om_disable_all_campaigns":false,"_monsterinsights_skip_tracking":false,"_monsterinsights_sitenote_active":false,"_monsterinsights_sitenote_note":"","_monsterinsights_sitenote_category":0,"_jetpack_memberships_contains_paid_content":false,"footnotes":""},"categories":[9,12],"tags":[],"class_list":["post-13459","post","type-post","status-publish","format-standard","has-post-thumbnail","hentry","category-proyectos","category-proyectos-destacados"],"aioseo_notices":[],"jetpack_featured_media_url":"https:\/\/i0.wp.com\/www.colombianitos.org\/wp-content\/uploads\/2024\/04\/principal-2.jpg?fit=1080%2C1080&ssl=1","jetpack_sharing_enabled":true,"_links":{"self":[{"href":"https:\/\/www.colombianitos.org\/en\/wp-json\/wp\/v2\/posts\/13459","targetHints":{"allow":["GET"]}}],"collection":[{"href":"https:\/\/www.colombianitos.org\/en\/wp-json\/wp\/v2\/posts"}],"about":[{"href":"https:\/\/www.colombianitos.org\/en\/wp-json\/wp\/v2\/types\/post"}],"author":[{"embeddable":true,"href":"https:\/\/www.colombianitos.org\/en\/wp-json\/wp\/v2\/users\/4"}],"replies":[{"embeddable":true,"href":"https:\/\/www.colombianitos.org\/en\/wp-json\/wp\/v2\/comments?post=13459"}],"version-history":[{"count":4,"href":"https:\/\/www.colombianitos.org\/en\/wp-json\/wp\/v2\/posts\/13459\/revisions"}],"predecessor-version":[{"id":13471,"href":"https:\/\/www.colombianitos.org\/en\/wp-json\/wp\/v2\/posts\/13459\/revisions\/13471"}],"wp:featuredmedia":[{"embeddable":true,"href":"https:\/\/www.colombianitos.org\/en\/wp-json\/wp\/v2\/media\/13461"}],"wp:attachment":[{"href":"https:\/\/www.colombianitos.org\/en\/wp-json\/wp\/v2\/media?parent=13459"}],"wp:term":[{"taxonomy":"category","embeddable":true,"href":"https:\/\/www.colombianitos.org\/en\/wp-json\/wp\/v2\/categories?post=13459"},{"taxonomy":"post_tag","embeddable":true,"href":"https:\/\/www.colombianitos.org\/en\/wp-json\/wp\/v2\/tags?post=13459"}],"curies":[{"name":"wp","href":"https:\/\/api.w.org\/{rel}","templated":true}]}}