{"id":13326,"date":"2024-04-09T11:45:20","date_gmt":"2024-04-09T16:45:20","guid":{"rendered":"https:\/\/www.colombianitos.org\/?p=13326"},"modified":"2024-04-10T08:08:51","modified_gmt":"2024-04-10T13:08:51","slug":"navidad-kimberly-clark","status":"publish","type":"post","link":"https:\/\/www.colombianitos.org\/en\/navidad-kimberly-clark\/","title":{"rendered":"Navidad Kimberly Clark"},"content":{"rendered":"<body><p><\/p>[et_pb_section fb_built=\u201d1\u2033 admin_label=\u201dsection\u201d _builder_version=\u201d4.16\u2033 da_disable_devices=\u201doff|off|off\u201d global_colors_info=\u201d{}\u201d da_is_popup=\u201doff\u201d da_exit_intent=\u201doff\u201d da_has_close=\u201don\u201d da_alt_close=\u201doff\u201d da_dark_close=\u201doff\u201d da_not_modal=\u201don\u201d da_is_singular=\u201doff\u201d da_with_loader=\u201doff\u201d da_has_shadow=\u201don\u201d][et_pb_row admin_label=\u201drow\u201d _builder_version=\u201d4.16\u2033 background_size=\u201dinitial\u201d background_position=\u201dtop_left\u201d background_repeat=\u201drepeat\u201d global_colors_info=\u201d{}\u201d][et_pb_column type=\u201d4_4\u2033 _builder_version=\u201d4.16\u2033 custom_padding=\u201d|||\u201d global_colors_info=\u201d{}\u201d custom_padding__hover=\u201d|||\u201d][et_pb_text _builder_version=\u201d4.20.4\u2033 _module_preset=\u201ddefault\u201d global_colors_info=\u201d{}\u201d]\n<p><strong>20-12-2023<\/strong><\/p>\n<p>[\/et_pb_text][et_pb_text _builder_version=\u201d4.20.4\u2033 _module_preset=\u201ddefault\u201d text_orientation=\u201djustified\u201d hover_enabled=\u201d0\u2033 global_colors_info=\u201d{}\u201d sticky_enabled=\u201d0\u2033]<\/p>\n<p>En colaboraci\u00f3n con nuestro aliado, Kimberly Clark, organizamos una Navidad inolvidable para m\u00e1s de 1.000 Colombianitos en diferentes 6 regiones del pa\u00eds. Tocancip\u00e1, La Tebaida, Cartagena, Barbosa, Puerto Tejada y Bogot\u00e1 se contagiaron de esta hermosa fecha cargada de alegr\u00eda, amor y compa\u00f1erismo. Los empleados de la empresa se unieron a esta celebraci\u00f3n y con nuestros colombianitos vivieron una jornada con canticos de villancicos, deporte y entrega de regalos.<\/p>\n<p>La celebraci\u00f3n de navidad fue un momento para agradecer y reafirmar el compromiso por los ni\u00f1os de nuestro pa\u00eds.<\/p>\n<p><img data-recalc-dims=\"1\" decoding=\"async\" class=\"wp-image-13331 alignnone size-large\" src=\"https:\/\/i0.wp.com\/www.colombianitos.org\/wp-content\/uploads\/2024\/04\/WhatsApp-Image-2024-01-26-at-5.09.49-PM-2.jpeg?resize=768%2C1024&#038;ssl=1\" alt=\"\" width=\"768\" height=\"1024\" loading=\"lazy\"> <img data-recalc-dims=\"1\" decoding=\"async\" class=\"wp-image-13330 alignnone size-large\" src=\"https:\/\/i0.wp.com\/www.colombianitos.org\/wp-content\/uploads\/2024\/04\/WhatsApp-Image-2024-01-26-at-5.09.49-PM-1.jpeg?resize=768%2C1024&#038;ssl=1\" alt=\"\" width=\"768\" height=\"1024\" loading=\"lazy\"> <img data-recalc-dims=\"1\" decoding=\"async\" class=\"wp-image-13361 alignnone size-full\" src=\"https:\/\/i0.wp.com\/www.colombianitos.org\/wp-content\/uploads\/2024\/04\/navidad.png?resize=1000%2C1000&#038;ssl=1\" alt=\"\" width=\"1000\" height=\"1000\" loading=\"lazy\" srcset=\"https:\/\/www.colombianitos.org\/wp-content\/uploads\/2024\/04\/navidad.png 1000w, https:\/\/www.colombianitos.org\/wp-content\/uploads\/2024\/04\/navidad-980x980.png 980w, https:\/\/www.colombianitos.org\/wp-content\/uploads\/2024\/04\/navidad-480x480.png 480w\" sizes=\"(min-width: 0px) and (max-width: 480px) 480px, (min-width: 481px) and (max-width: 980px) 980px, (min-width: 981px) 1000px, 100vw\" \/><\/p>\n<p>[\/et_pb_text][\/et_pb_column][\/et_pb_row][\/et_pb_section]<\/p>\n<\/body>","protected":false},"excerpt":{"rendered":"<p>20-12-2023En colaboraci\u00f3n con nuestro aliado, Kimberly Clark, organizamos una Navidad inolvidable para m\u00e1s de 1.000 Colombianitos en diferentes 6 regiones del pa\u00eds. Tocancip\u00e1, La Tebaida, Cartagena, Barbosa, Puerto Tejada y Bogot\u00e1 se contagiaron de esta hermosa fecha cargada de alegr\u00eda, amor y compa\u00f1erismo. Los empleados de la empresa se unieron a esta celebraci\u00f3n y con [&hellip;]<\/p>","protected":false},"author":4,"featured_media":13353,"comment_status":"open","ping_status":"open","sticky":false,"template":"","format":"standard","meta":{"nf_dc_page":"","_et_pb_use_builder":"on","_et_pb_old_content":"","_et_gb_content_width":"","om_disable_all_campaigns":false,"_monsterinsights_skip_tracking":false,"_monsterinsights_sitenote_active":false,"_monsterinsights_sitenote_note":"","_monsterinsights_sitenote_category":0,"_jetpack_memberships_contains_paid_content":false,"footnotes":""},"categories":[7],"tags":[],"class_list":["post-13326","post","type-post","status-publish","format-standard","has-post-thumbnail","hentry","category-noticias"],"aioseo_notices":[],"jetpack_featured_media_url":"https:\/\/i0.wp.com\/www.colombianitos.org\/wp-content\/uploads\/2024\/04\/PRINCIPAL-Navidad.jpeg?fit=1024%2C684&ssl=1","jetpack_sharing_enabled":true,"_links":{"self":[{"href":"https:\/\/www.colombianitos.org\/en\/wp-json\/wp\/v2\/posts\/13326","targetHints":{"allow":["GET"]}}],"collection":[{"href":"https:\/\/www.colombianitos.org\/en\/wp-json\/wp\/v2\/posts"}],"about":[{"href":"https:\/\/www.colombianitos.org\/en\/wp-json\/wp\/v2\/types\/post"}],"author":[{"embeddable":true,"href":"https:\/\/www.colombianitos.org\/en\/wp-json\/wp\/v2\/users\/4"}],"replies":[{"embeddable":true,"href":"https:\/\/www.colombianitos.org\/en\/wp-json\/wp\/v2\/comments?post=13326"}],"version-history":[{"count":4,"href":"https:\/\/www.colombianitos.org\/en\/wp-json\/wp\/v2\/posts\/13326\/revisions"}],"predecessor-version":[{"id":13362,"href":"https:\/\/www.colombianitos.org\/en\/wp-json\/wp\/v2\/posts\/13326\/revisions\/13362"}],"wp:featuredmedia":[{"embeddable":true,"href":"https:\/\/www.colombianitos.org\/en\/wp-json\/wp\/v2\/media\/13353"}],"wp:attachment":[{"href":"https:\/\/www.colombianitos.org\/en\/wp-json\/wp\/v2\/media?parent=13326"}],"wp:term":[{"taxonomy":"category","embeddable":true,"href":"https:\/\/www.colombianitos.org\/en\/wp-json\/wp\/v2\/categories?post=13326"},{"taxonomy":"post_tag","embeddable":true,"href":"https:\/\/www.colombianitos.org\/en\/wp-json\/wp\/v2\/tags?post=13326"}],"curies":[{"name":"wp","href":"https:\/\/api.w.org\/{rel}","templated":true}]}}