{"id":13317,"date":"2024-04-09T11:44:44","date_gmt":"2024-04-09T16:44:44","guid":{"rendered":"https:\/\/www.colombianitos.org\/?p=13317"},"modified":"2024-04-09T11:44:48","modified_gmt":"2024-04-09T16:44:48","slug":"un-gol-por-la-equidad-con-la-embajadora-anna-jane-chrisp","status":"publish","type":"post","link":"https:\/\/www.colombianitos.org\/en\/un-gol-por-la-equidad-con-la-embajadora-anna-jane-chrisp\/","title":{"rendered":"Un Gol por la equidad con la embajadora Anna Jane Chrisp"},"content":{"rendered":"<body><p><\/p>[et_pb_section fb_built=\u201d1\u2033 admin_label=\u201dsection\u201d _builder_version=\u201d4.16\u2033 da_disable_devices=\u201doff|off|off\u201d global_colors_info=\u201d{}\u201d da_is_popup=\u201doff\u201d da_exit_intent=\u201doff\u201d da_has_close=\u201don\u201d da_alt_close=\u201doff\u201d da_dark_close=\u201doff\u201d da_not_modal=\u201don\u201d da_is_singular=\u201doff\u201d da_with_loader=\u201doff\u201d da_has_shadow=\u201don\u201d][et_pb_row admin_label=\u201drow\u201d _builder_version=\u201d4.16\u2033 background_size=\u201dinitial\u201d background_position=\u201dtop_left\u201d background_repeat=\u201drepeat\u201d global_colors_info=\u201d{}\u201d][et_pb_column type=\u201d4_4\u2033 _builder_version=\u201d4.16\u2033 custom_padding=\u201d|||\u201d global_colors_info=\u201d{}\u201d custom_padding__hover=\u201d|||\u201d][et_pb_text _builder_version=\u201d4.20.4\u2033 _module_preset=\u201ddefault\u201d global_colors_info=\u201d{}\u201d]\n<p><strong>04-12-2023<\/strong><\/p>\n<p>[\/et_pb_text][et_pb_text _builder_version=\u201d4.20.4\u2033 _module_preset=\u201ddefault\u201d text_orientation=\u201djustified\u201d global_colors_info=\u201d{}\u201d]<\/p>\n<p>En el marco de nuestra alianza con la Embajada de Australia, tuvimos el privilegio de recibir a la embajadora Anna Jane Chrisp para que conociera nuestro programa \u201cUn gol por la equidad\u201d. Durante su visita, compartimos experiencias sobre el rugby y exploramos el potencial transformador que tiene el deporte en ni\u00f1os, ni\u00f1as y j\u00f3venes en el aprendizaje relacionado con la equidad de g\u00e9nero, estereotipos de g\u00e9nero y la prevenci\u00f3n de violencia.<\/p>\n<p><img data-recalc-dims=\"1\" decoding=\"async\" class=\"wp-image-13322 alignnone size-large\" src=\"https:\/\/i0.wp.com\/www.colombianitos.org\/wp-content\/uploads\/2024\/04\/WhatsApp-Image-2024-03-14-at-5.03.15-PM-1.jpeg?resize=1024%2C768&#038;ssl=1\" alt=\"\" width=\"1024\" height=\"768\" loading=\"lazy\" srcset=\"https:\/\/www.colombianitos.org\/wp-content\/uploads\/2024\/04\/WhatsApp-Image-2024-03-14-at-5.03.15-PM-1-1024x768.jpeg 1024w, https:\/\/www.colombianitos.org\/wp-content\/uploads\/2024\/04\/WhatsApp-Image-2024-03-14-at-5.03.15-PM-1-980x735.jpeg 980w, https:\/\/www.colombianitos.org\/wp-content\/uploads\/2024\/04\/WhatsApp-Image-2024-03-14-at-5.03.15-PM-1-480x360.jpeg 480w\" sizes=\"(min-width: 0px) and (max-width: 480px) 480px, (min-width: 481px) and (max-width: 980px) 980px, (min-width: 981px) 1024px, 100vw\" \/> <img data-recalc-dims=\"1\" decoding=\"async\" class=\"wp-image-13321 alignnone size-large\" src=\"https:\/\/i0.wp.com\/www.colombianitos.org\/wp-content\/uploads\/2024\/04\/WhatsApp-Image-2023-12-04-at-6.16.43-PM.jpeg?resize=768%2C1024&#038;ssl=1\" alt=\"\" width=\"768\" height=\"1024\" loading=\"lazy\" srcset=\"https:\/\/www.colombianitos.org\/wp-content\/uploads\/2024\/04\/WhatsApp-Image-2023-12-04-at-6.16.43-PM-768x1024.jpeg 768w, https:\/\/www.colombianitos.org\/wp-content\/uploads\/2024\/04\/WhatsApp-Image-2023-12-04-at-6.16.43-PM-480x640.jpeg 480w\" sizes=\"(min-width: 0px) and (max-width: 480px) 480px, (min-width: 481px) 768px, 100vw\" \/> <img data-recalc-dims=\"1\" decoding=\"async\" class=\"wp-image-13320 alignnone size-large\" src=\"https:\/\/i0.wp.com\/www.colombianitos.org\/wp-content\/uploads\/2024\/04\/WhatsApp-Image-2023-12-04-at-5.13.25-PM-2.jpeg?resize=768%2C1024&#038;ssl=1\" alt=\"\" width=\"768\" height=\"1024\" loading=\"lazy\" srcset=\"https:\/\/www.colombianitos.org\/wp-content\/uploads\/2024\/04\/WhatsApp-Image-2023-12-04-at-5.13.25-PM-2-768x1024.jpeg 768w, https:\/\/www.colombianitos.org\/wp-content\/uploads\/2024\/04\/WhatsApp-Image-2023-12-04-at-5.13.25-PM-2-480x640.jpeg 480w\" sizes=\"(min-width: 0px) and (max-width: 480px) 480px, (min-width: 481px) 768px, 100vw\" \/><\/p>\n<p>[\/et_pb_text][\/et_pb_column][\/et_pb_row][\/et_pb_section]<\/p>\n<\/body>","protected":false},"excerpt":{"rendered":"<p>04-12-2023En el marco de nuestra alianza con la Embajada de Australia, tuvimos el privilegio de recibir a la embajadora Anna Jane Chrisp para que conociera nuestro programa &#8220;Un gol por la equidad&#8221;. Durante su visita, compartimos experiencias sobre el rugby y exploramos el potencial transformador que tiene el deporte en ni\u00f1os, ni\u00f1as y j\u00f3venes en [&hellip;]<\/p>","protected":false},"author":4,"featured_media":13319,"comment_status":"open","ping_status":"open","sticky":false,"template":"","format":"standard","meta":{"nf_dc_page":"","_et_pb_use_builder":"on","_et_pb_old_content":"","_et_gb_content_width":"","om_disable_all_campaigns":false,"_monsterinsights_skip_tracking":false,"_monsterinsights_sitenote_active":false,"_monsterinsights_sitenote_note":"","_monsterinsights_sitenote_category":0,"_jetpack_memberships_contains_paid_content":false,"footnotes":""},"categories":[7],"tags":[],"class_list":["post-13317","post","type-post","status-publish","format-standard","has-post-thumbnail","hentry","category-noticias"],"aioseo_notices":[],"jetpack_featured_media_url":"https:\/\/i0.wp.com\/www.colombianitos.org\/wp-content\/uploads\/2024\/04\/PRINCIPAL-5.png?fit=1000%2C1000&ssl=1","jetpack_sharing_enabled":true,"_links":{"self":[{"href":"https:\/\/www.colombianitos.org\/en\/wp-json\/wp\/v2\/posts\/13317","targetHints":{"allow":["GET"]}}],"collection":[{"href":"https:\/\/www.colombianitos.org\/en\/wp-json\/wp\/v2\/posts"}],"about":[{"href":"https:\/\/www.colombianitos.org\/en\/wp-json\/wp\/v2\/types\/post"}],"author":[{"embeddable":true,"href":"https:\/\/www.colombianitos.org\/en\/wp-json\/wp\/v2\/users\/4"}],"replies":[{"embeddable":true,"href":"https:\/\/www.colombianitos.org\/en\/wp-json\/wp\/v2\/comments?post=13317"}],"version-history":[{"count":4,"href":"https:\/\/www.colombianitos.org\/en\/wp-json\/wp\/v2\/posts\/13317\/revisions"}],"predecessor-version":[{"id":13348,"href":"https:\/\/www.colombianitos.org\/en\/wp-json\/wp\/v2\/posts\/13317\/revisions\/13348"}],"wp:featuredmedia":[{"embeddable":true,"href":"https:\/\/www.colombianitos.org\/en\/wp-json\/wp\/v2\/media\/13319"}],"wp:attachment":[{"href":"https:\/\/www.colombianitos.org\/en\/wp-json\/wp\/v2\/media?parent=13317"}],"wp:term":[{"taxonomy":"category","embeddable":true,"href":"https:\/\/www.colombianitos.org\/en\/wp-json\/wp\/v2\/categories?post=13317"},{"taxonomy":"post_tag","embeddable":true,"href":"https:\/\/www.colombianitos.org\/en\/wp-json\/wp\/v2\/tags?post=13317"}],"curies":[{"name":"wp","href":"https:\/\/api.w.org\/{rel}","templated":true}]}}