{"id":13298,"date":"2024-04-09T11:43:25","date_gmt":"2024-04-09T16:43:25","guid":{"rendered":"https:\/\/www.colombianitos.org\/?p=13298"},"modified":"2024-04-10T08:24:16","modified_gmt":"2024-04-10T13:24:16","slug":"iii-gala-benefica-panamericana","status":"publish","type":"post","link":"https:\/\/www.colombianitos.org\/en\/iii-gala-benefica-panamericana\/","title":{"rendered":"III Gala Ben\u00e9fica Panamericana"},"content":{"rendered":"<body><p><\/p>[et_pb_section fb_built=\u201d1\u2033 admin_label=\u201dsection\u201d _builder_version=\u201d4.16\u2033 da_disable_devices=\u201doff|off|off\u201d global_colors_info=\u201d{}\u201d da_is_popup=\u201doff\u201d da_exit_intent=\u201doff\u201d da_has_close=\u201don\u201d da_alt_close=\u201doff\u201d da_dark_close=\u201doff\u201d da_not_modal=\u201don\u201d da_is_singular=\u201doff\u201d da_with_loader=\u201doff\u201d da_has_shadow=\u201don\u201d][et_pb_row admin_label=\u201drow\u201d _builder_version=\u201d4.16\u2033 background_size=\u201dinitial\u201d background_position=\u201dtop_left\u201d background_repeat=\u201drepeat\u201d global_colors_info=\u201d{}\u201d][et_pb_column type=\u201d4_4\u2033 _builder_version=\u201d4.16\u2033 custom_padding=\u201d|||\u201d global_colors_info=\u201d{}\u201d custom_padding__hover=\u201d|||\u201d][et_pb_text _builder_version=\u201d4.20.4\u2033 _module_preset=\u201ddefault\u201d global_colors_info=\u201d{}\u201d]\n<p><strong>27-10-2023<\/strong><\/p>\n<p>[\/et_pb_text][et_pb_text _builder_version=\u201d4.20.4\u2033 _module_preset=\u201ddefault\u201d text_orientation=\u201djustified\u201d hover_enabled=\u201d0\u2033 global_colors_info=\u201d{}\u201d sticky_enabled=\u201d0\u2033]<\/p>\n<p>La Fundaci\u00f3n Colombianitos el 27 de octubre del 2023 particip\u00f3 en la \u201cGala Ben\u00e9fica Panamericana\u201d la cual, en su tercera edici\u00f3n, contin\u00faa atrayendo a organizaciones sin \u00e1nimo de lucro interesadas en promover la diversidad cultural de las Am\u00e9ricas y fortalecer alianzas entre ellas. Este evento, organizado por Am\u00e9rica Viva Alliance (AVA), re\u00fane a artistas, fil\u00e1ntropos y l\u00edderes regionales con el fin de recaudar fondos para mejorar la educaci\u00f3n de los ni\u00f1os m\u00e1s vulnerables en Am\u00e9rica Latina. En esta versi\u00f3n, se cont\u00f3 con la participaci\u00f3n de Willy Chirino, Paquito D\u00b4Rivera y el flamenco Star Rafael Campallo. Se llev\u00f3 acabo en la ciudad de Miami en el centro de artes esc\u00e9nicas Adrianne Arsht Center.<\/p>\n<p><img data-recalc-dims=\"1\" decoding=\"async\" class=\"wp-image-13301 size-large alignleft\" src=\"https:\/\/i0.wp.com\/www.colombianitos.org\/wp-content\/uploads\/2024\/04\/IMG_0769.jpg?resize=758%2C1024&#038;ssl=1\" alt=\"\" width=\"758\" height=\"1024\" loading=\"lazy\"> <img data-recalc-dims=\"1\" decoding=\"async\" class=\"wp-image-13300 alignnone size-large\" src=\"https:\/\/i0.wp.com\/www.colombianitos.org\/wp-content\/uploads\/2024\/04\/IMG_0768.jpg?resize=859%2C1024&#038;ssl=1\" alt=\"\" width=\"859\" height=\"1024\" loading=\"lazy\"><\/p>\n<p>[\/et_pb_text][\/et_pb_column][\/et_pb_row][\/et_pb_section]<\/p>\n<\/body>","protected":false},"excerpt":{"rendered":"<p>27-10-2023La Fundaci\u00f3n Colombianitos el 27 de octubre del 2023 particip\u00f3 en la &#8220;Gala Ben\u00e9fica Panamericana&#8221; la cual, en su tercera edici\u00f3n, contin\u00faa atrayendo a organizaciones sin \u00e1nimo de lucro interesadas en promover la diversidad cultural de las Am\u00e9ricas y fortalecer alianzas entre ellas. Este evento, organizado por Am\u00e9rica Viva Alliance (AVA), re\u00fane a artistas, fil\u00e1ntropos [&hellip;]<\/p>","protected":false},"author":4,"featured_media":13355,"comment_status":"open","ping_status":"open","sticky":false,"template":"","format":"standard","meta":{"nf_dc_page":"","_et_pb_use_builder":"on","_et_pb_old_content":"","_et_gb_content_width":"","om_disable_all_campaigns":false,"_monsterinsights_skip_tracking":false,"_monsterinsights_sitenote_active":false,"_monsterinsights_sitenote_note":"","_monsterinsights_sitenote_category":0,"_jetpack_memberships_contains_paid_content":false,"footnotes":""},"categories":[7],"tags":[],"class_list":["post-13298","post","type-post","status-publish","format-standard","has-post-thumbnail","hentry","category-noticias"],"aioseo_notices":[],"jetpack_featured_media_url":"https:\/\/i0.wp.com\/www.colombianitos.org\/wp-content\/uploads\/2024\/04\/PRINCIPALAva-Miami.jpg?fit=1179%2C633&ssl=1","jetpack_sharing_enabled":true,"_links":{"self":[{"href":"https:\/\/www.colombianitos.org\/en\/wp-json\/wp\/v2\/posts\/13298","targetHints":{"allow":["GET"]}}],"collection":[{"href":"https:\/\/www.colombianitos.org\/en\/wp-json\/wp\/v2\/posts"}],"about":[{"href":"https:\/\/www.colombianitos.org\/en\/wp-json\/wp\/v2\/types\/post"}],"author":[{"embeddable":true,"href":"https:\/\/www.colombianitos.org\/en\/wp-json\/wp\/v2\/users\/4"}],"replies":[{"embeddable":true,"href":"https:\/\/www.colombianitos.org\/en\/wp-json\/wp\/v2\/comments?post=13298"}],"version-history":[{"count":4,"href":"https:\/\/www.colombianitos.org\/en\/wp-json\/wp\/v2\/posts\/13298\/revisions"}],"predecessor-version":[{"id":13368,"href":"https:\/\/www.colombianitos.org\/en\/wp-json\/wp\/v2\/posts\/13298\/revisions\/13368"}],"wp:featuredmedia":[{"embeddable":true,"href":"https:\/\/www.colombianitos.org\/en\/wp-json\/wp\/v2\/media\/13355"}],"wp:attachment":[{"href":"https:\/\/www.colombianitos.org\/en\/wp-json\/wp\/v2\/media?parent=13298"}],"wp:term":[{"taxonomy":"category","embeddable":true,"href":"https:\/\/www.colombianitos.org\/en\/wp-json\/wp\/v2\/categories?post=13298"},{"taxonomy":"post_tag","embeddable":true,"href":"https:\/\/www.colombianitos.org\/en\/wp-json\/wp\/v2\/tags?post=13298"}],"curies":[{"name":"wp","href":"https:\/\/api.w.org\/{rel}","templated":true}]}}