{"id":13288,"date":"2024-04-09T11:42:47","date_gmt":"2024-04-09T16:42:47","guid":{"rendered":"https:\/\/www.colombianitos.org\/?p=13288"},"modified":"2024-04-10T08:15:57","modified_gmt":"2024-04-10T13:15:57","slug":"orden-al-merito-jose-acevedo-y-gomez","status":"publish","type":"post","link":"https:\/\/www.colombianitos.org\/en\/orden-al-merito-jose-acevedo-y-gomez\/","title":{"rendered":"Orden al M\u00e9rito Jos\u00e9 Acevedo y G\u00f3mez"},"content":{"rendered":"<body><p><\/p>[et_pb_section fb_built=\u201d1\u2033 admin_label=\u201dsection\u201d _builder_version=\u201d4.16\u2033 da_disable_devices=\u201doff|off|off\u201d global_colors_info=\u201d{}\u201d da_is_popup=\u201doff\u201d da_exit_intent=\u201doff\u201d da_has_close=\u201don\u201d da_alt_close=\u201doff\u201d da_dark_close=\u201doff\u201d da_not_modal=\u201don\u201d da_is_singular=\u201doff\u201d da_with_loader=\u201doff\u201d da_has_shadow=\u201don\u201d][et_pb_row admin_label=\u201drow\u201d _builder_version=\u201d4.16\u2033 background_size=\u201dinitial\u201d background_position=\u201dtop_left\u201d background_repeat=\u201drepeat\u201d global_colors_info=\u201d{}\u201d][et_pb_column type=\u201d4_4\u2033 _builder_version=\u201d4.16\u2033 custom_padding=\u201d|||\u201d global_colors_info=\u201d{}\u201d custom_padding__hover=\u201d|||\u201d][et_pb_text _builder_version=\u201d4.20.4\u2033 _module_preset=\u201ddefault\u201d global_colors_info=\u201d{}\u201d]\n<p><strong>17-08-2023<\/strong><\/p>\n<p>[\/et_pb_text][et_pb_text _builder_version=\u201d4.20.4\u2033 _module_preset=\u201ddefault\u201d text_orientation=\u201djustified\u201d hover_enabled=\u201d0\u2033 global_colors_info=\u201d{}\u201d sticky_enabled=\u201d0\u2033]<\/p>\n<p>El 17 agoto del 2023 el Concejo de Bogot\u00e1, junto al concejal Juli\u00e1n Sastoque, otorg\u00f3 a la Fundaci\u00f3n Colombianitos la \u201cOrden Civil al m\u00e9rito Jos\u00e9 Acevedo y G\u00f3mez, en el grado Cruz de Oro. Este reconocimiento busca exaltar y destacar el incansable trabajo y esfuerzo de la Fundaci\u00f3n durante estos 21 a\u00f1os en beneficio de los m\u00e1s necesitados de la ciudad de Bogot\u00e1, contribuyendo a mejorar la calidad de vida de ni\u00f1os, ni\u00f1as, adolescentes y j\u00f3venes, as\u00ed como de sus comunidades, aportando a la construcci\u00f3n de una ciudad m\u00e1s justa, equitativa, en paz y con m\u00e1s oportunidades para las actuales y futuras generaciones.<\/p>\n<p><img data-recalc-dims=\"1\" decoding=\"async\" class=\"wp-image-13292 alignnone size-full\" src=\"https:\/\/i0.wp.com\/www.colombianitos.org\/wp-content\/uploads\/2024\/04\/IMG_2179.heic?w=1080&#038;ssl=1\" alt=\"\"   loading=\"lazy\"> <img data-recalc-dims=\"1\" decoding=\"async\" class=\"wp-image-13365 alignnone size-large\" src=\"https:\/\/i0.wp.com\/www.colombianitos.org\/wp-content\/uploads\/2024\/04\/IMG_2188orden.png?resize=1024%2C768&#038;ssl=1\" alt=\"\" width=\"1024\" height=\"768\" loading=\"lazy\" srcset=\"https:\/\/i0.wp.com\/www.colombianitos.org\/wp-content\/uploads\/2024\/04\/IMG_2188orden.png?resize=1024%2C768&amp;ssl=1 1024w, https:\/\/i0.wp.com\/www.colombianitos.org\/wp-content\/uploads\/2024\/04\/IMG_2188orden.png?resize=300%2C225&amp;ssl=1 300w, https:\/\/i0.wp.com\/www.colombianitos.org\/wp-content\/uploads\/2024\/04\/IMG_2188orden.png?resize=768%2C576&amp;ssl=1 768w, https:\/\/i0.wp.com\/www.colombianitos.org\/wp-content\/uploads\/2024\/04\/IMG_2188orden.png?resize=1536%2C1152&amp;ssl=1 1536w, https:\/\/i0.wp.com\/www.colombianitos.org\/wp-content\/uploads\/2024\/04\/IMG_2188orden.png?resize=2048%2C1536&amp;ssl=1 2048w, https:\/\/i0.wp.com\/www.colombianitos.org\/wp-content\/uploads\/2024\/04\/IMG_2188orden.png?resize=16%2C12&amp;ssl=1 16w, https:\/\/i0.wp.com\/www.colombianitos.org\/wp-content\/uploads\/2024\/04\/IMG_2188orden.png?resize=510%2C382&amp;ssl=1 510w, https:\/\/i0.wp.com\/www.colombianitos.org\/wp-content\/uploads\/2024\/04\/IMG_2188orden.png?resize=1080%2C810&amp;ssl=1 1080w, https:\/\/i0.wp.com\/www.colombianitos.org\/wp-content\/uploads\/2024\/04\/IMG_2188orden.png?w=2160&amp;ssl=1 2160w, https:\/\/i0.wp.com\/www.colombianitos.org\/wp-content\/uploads\/2024\/04\/IMG_2188orden.png?w=3240&amp;ssl=1 3240w\" sizes=\"(max-width: 1024px) 100vw, 1024px\" \/><img data-recalc-dims=\"1\" decoding=\"async\" class=\"wp-image-13291 alignnone size-full\" src=\"https:\/\/i0.wp.com\/www.colombianitos.org\/wp-content\/uploads\/2024\/04\/IMG_2135.heic?w=1080&#038;ssl=1\" alt=\"\"   loading=\"lazy\">\u00a0<img data-recalc-dims=\"1\" decoding=\"async\" class=\"wp-image-13294 alignnone size-large\" src=\"https:\/\/i0.wp.com\/www.colombianitos.org\/wp-content\/uploads\/2024\/04\/IMG_2135.png?resize=1024%2C768&#038;ssl=1\" alt=\"\" width=\"1024\" height=\"768\" loading=\"lazy\" srcset=\"https:\/\/i0.wp.com\/www.colombianitos.org\/wp-content\/uploads\/2024\/04\/IMG_2135.png?resize=1024%2C768&amp;ssl=1 1024w, https:\/\/i0.wp.com\/www.colombianitos.org\/wp-content\/uploads\/2024\/04\/IMG_2135.png?resize=300%2C225&amp;ssl=1 300w, https:\/\/i0.wp.com\/www.colombianitos.org\/wp-content\/uploads\/2024\/04\/IMG_2135.png?resize=768%2C576&amp;ssl=1 768w, https:\/\/i0.wp.com\/www.colombianitos.org\/wp-content\/uploads\/2024\/04\/IMG_2135.png?resize=1536%2C1152&amp;ssl=1 1536w, https:\/\/i0.wp.com\/www.colombianitos.org\/wp-content\/uploads\/2024\/04\/IMG_2135.png?resize=2048%2C1536&amp;ssl=1 2048w, https:\/\/i0.wp.com\/www.colombianitos.org\/wp-content\/uploads\/2024\/04\/IMG_2135.png?resize=16%2C12&amp;ssl=1 16w, https:\/\/i0.wp.com\/www.colombianitos.org\/wp-content\/uploads\/2024\/04\/IMG_2135.png?resize=510%2C382&amp;ssl=1 510w, https:\/\/i0.wp.com\/www.colombianitos.org\/wp-content\/uploads\/2024\/04\/IMG_2135.png?resize=1080%2C810&amp;ssl=1 1080w, https:\/\/i0.wp.com\/www.colombianitos.org\/wp-content\/uploads\/2024\/04\/IMG_2135.png?w=2160&amp;ssl=1 2160w, https:\/\/i0.wp.com\/www.colombianitos.org\/wp-content\/uploads\/2024\/04\/IMG_2135.png?w=3240&amp;ssl=1 3240w\" sizes=\"(max-width: 1024px) 100vw, 1024px\" \/><\/p>\n<p>[\/et_pb_text][\/et_pb_column][\/et_pb_row][\/et_pb_section]<\/p>\n<\/body>","protected":false},"excerpt":{"rendered":"<p>17-08-2023El 17 agoto del 2023 el Concejo de Bogot\u00e1, junto al concejal Juli\u00e1n Sastoque, otorg\u00f3 a la Fundaci\u00f3n Colombianitos la &#8220;Orden Civil al m\u00e9rito Jos\u00e9 Acevedo y G\u00f3mez, en el grado Cruz de Oro. Este reconocimiento busca exaltar y destacar el incansable trabajo y esfuerzo de la Fundaci\u00f3n durante estos 21 a\u00f1os en beneficio de [&hellip;]<\/p>","protected":false},"author":4,"featured_media":13359,"comment_status":"open","ping_status":"open","sticky":false,"template":"","format":"standard","meta":{"nf_dc_page":"","_et_pb_use_builder":"on","_et_pb_old_content":"","_et_gb_content_width":"","om_disable_all_campaigns":false,"_monsterinsights_skip_tracking":false,"_monsterinsights_sitenote_active":false,"_monsterinsights_sitenote_note":"","_monsterinsights_sitenote_category":0,"_jetpack_memberships_contains_paid_content":false,"footnotes":""},"categories":[7],"tags":[],"class_list":["post-13288","post","type-post","status-publish","format-standard","has-post-thumbnail","hentry","category-noticias"],"aioseo_notices":[],"jetpack_featured_media_url":"https:\/\/i0.wp.com\/www.colombianitos.org\/wp-content\/uploads\/2024\/04\/PRINCIPAL-Orden-1.png?fit=4032%2C3024&ssl=1","jetpack_sharing_enabled":true,"_links":{"self":[{"href":"https:\/\/www.colombianitos.org\/en\/wp-json\/wp\/v2\/posts\/13288","targetHints":{"allow":["GET"]}}],"collection":[{"href":"https:\/\/www.colombianitos.org\/en\/wp-json\/wp\/v2\/posts"}],"about":[{"href":"https:\/\/www.colombianitos.org\/en\/wp-json\/wp\/v2\/types\/post"}],"author":[{"embeddable":true,"href":"https:\/\/www.colombianitos.org\/en\/wp-json\/wp\/v2\/users\/4"}],"replies":[{"embeddable":true,"href":"https:\/\/www.colombianitos.org\/en\/wp-json\/wp\/v2\/comments?post=13288"}],"version-history":[{"count":4,"href":"https:\/\/www.colombianitos.org\/en\/wp-json\/wp\/v2\/posts\/13288\/revisions"}],"predecessor-version":[{"id":13366,"href":"https:\/\/www.colombianitos.org\/en\/wp-json\/wp\/v2\/posts\/13288\/revisions\/13366"}],"wp:featuredmedia":[{"embeddable":true,"href":"https:\/\/www.colombianitos.org\/en\/wp-json\/wp\/v2\/media\/13359"}],"wp:attachment":[{"href":"https:\/\/www.colombianitos.org\/en\/wp-json\/wp\/v2\/media?parent=13288"}],"wp:term":[{"taxonomy":"category","embeddable":true,"href":"https:\/\/www.colombianitos.org\/en\/wp-json\/wp\/v2\/categories?post=13288"},{"taxonomy":"post_tag","embeddable":true,"href":"https:\/\/www.colombianitos.org\/en\/wp-json\/wp\/v2\/tags?post=13288"}],"curies":[{"name":"wp","href":"https:\/\/api.w.org\/{rel}","templated":true}]}}