{"id":13271,"date":"2024-04-09T11:41:27","date_gmt":"2024-04-09T16:41:27","guid":{"rendered":"https:\/\/www.colombianitos.org\/?p=13271"},"modified":"2024-04-09T11:41:31","modified_gmt":"2024-04-09T16:41:31","slug":"reconocimiento-al-merito-princesa-usaca","status":"publish","type":"post","link":"https:\/\/www.colombianitos.org\/en\/reconocimiento-al-merito-princesa-usaca\/","title":{"rendered":"Reconocimiento al M\u00e9rito. Princesa Usaca"},"content":{"rendered":"<body><p><\/p>[et_pb_section fb_built=\u201d1\u2033 admin_label=\u201dsection\u201d _builder_version=\u201d4.16\u2033 da_disable_devices=\u201doff|off|off\u201d global_colors_info=\u201d{}\u201d da_is_popup=\u201doff\u201d da_exit_intent=\u201doff\u201d da_has_close=\u201don\u201d da_alt_close=\u201doff\u201d da_dark_close=\u201doff\u201d da_not_modal=\u201don\u201d da_is_singular=\u201doff\u201d da_with_loader=\u201doff\u201d da_has_shadow=\u201don\u201d][et_pb_row admin_label=\u201drow\u201d _builder_version=\u201d4.16\u2033 background_size=\u201dinitial\u201d background_position=\u201dtop_left\u201d background_repeat=\u201drepeat\u201d global_colors_info=\u201d{}\u201d][et_pb_column type=\u201d4_4\u2033 _builder_version=\u201d4.16\u2033 custom_padding=\u201d|||\u201d global_colors_info=\u201d{}\u201d custom_padding__hover=\u201d|||\u201d][et_pb_text _builder_version=\u201d4.20.4\u2033 _module_preset=\u201ddefault\u201d global_colors_info=\u201d{}\u201d]\n<p><strong>08-06-2023<\/strong><\/p>\n<p>[\/et_pb_text][et_pb_text _builder_version=\u201d4.20.4\u2033 _module_preset=\u201ddefault\u201d text_orientation=\u201djustified\u201d global_colors_info=\u201d{}\u201d]<\/p>\n<p>El 8 de junio del 2023 la Fundaci\u00f3n Colombianitos ha sido galardonada con la Medalla al M\u00e9rito Princesa Usaca por la Alcald\u00eda de Usaqu\u00e9n por su impacto innovador. Este reconocimiento resalta el trabajo social y el compromiso de la organizaci\u00f3n a lo largo de 21 a\u00f1os en la ciudad de Bogot\u00e1.<\/p>\n<p><img data-recalc-dims=\"1\" decoding=\"async\" class=\"wp-image-13275 alignnone size-large\" src=\"https:\/\/i0.wp.com\/www.colombianitos.org\/wp-content\/uploads\/2024\/04\/2.jpg?resize=1024%2C1024&#038;ssl=1\" alt=\"\" width=\"1024\" height=\"1024\" loading=\"lazy\" srcset=\"https:\/\/www.colombianitos.org\/wp-content\/uploads\/2024\/04\/2-1024x1024.jpg 1024w, https:\/\/www.colombianitos.org\/wp-content\/uploads\/2024\/04\/2-980x980.jpg 980w, https:\/\/www.colombianitos.org\/wp-content\/uploads\/2024\/04\/2-480x480.jpg 480w\" sizes=\"(min-width: 0px) and (max-width: 480px) 480px, (min-width: 481px) and (max-width: 980px) 980px, (min-width: 981px) 1024px, 100vw\" \/> <img data-recalc-dims=\"1\" decoding=\"async\" class=\"wp-image-13276 alignnone size-large\" src=\"https:\/\/i0.wp.com\/www.colombianitos.org\/wp-content\/uploads\/2024\/04\/3.jpg?resize=1024%2C1024&#038;ssl=1\" alt=\"\" width=\"1024\" height=\"1024\" loading=\"lazy\" srcset=\"https:\/\/www.colombianitos.org\/wp-content\/uploads\/2024\/04\/3-1024x1024.jpg 1024w, https:\/\/www.colombianitos.org\/wp-content\/uploads\/2024\/04\/3-980x980.jpg 980w, https:\/\/www.colombianitos.org\/wp-content\/uploads\/2024\/04\/3-480x480.jpg 480w\" sizes=\"(min-width: 0px) and (max-width: 480px) 480px, (min-width: 481px) and (max-width: 980px) 980px, (min-width: 981px) 1024px, 100vw\" \/><\/p>\n<p>[\/et_pb_text][\/et_pb_column][\/et_pb_row][\/et_pb_section]<\/p>\n<\/body>","protected":false},"excerpt":{"rendered":"<p>08-06-2023El 8 de junio del 2023 la Fundaci\u00f3n Colombianitos ha sido galardonada con la Medalla al M\u00e9rito Princesa Usaca por la Alcald\u00eda de Usaqu\u00e9n por su impacto innovador. Este reconocimiento resalta el trabajo social y el compromiso de la organizaci\u00f3n a lo largo de 21 a\u00f1os en la ciudad de Bogot\u00e1.<\/p>","protected":false},"author":4,"featured_media":13273,"comment_status":"open","ping_status":"open","sticky":false,"template":"","format":"standard","meta":{"nf_dc_page":"","_et_pb_use_builder":"on","_et_pb_old_content":"","_et_gb_content_width":"","om_disable_all_campaigns":false,"_monsterinsights_skip_tracking":false,"_monsterinsights_sitenote_active":false,"_monsterinsights_sitenote_note":"","_monsterinsights_sitenote_category":0,"_jetpack_memberships_contains_paid_content":false,"footnotes":""},"categories":[7],"tags":[],"class_list":["post-13271","post","type-post","status-publish","format-standard","has-post-thumbnail","hentry","category-noticias"],"aioseo_notices":[],"jetpack_featured_media_url":"https:\/\/i0.wp.com\/www.colombianitos.org\/wp-content\/uploads\/2024\/04\/PRINCIPAL.png?fit=1000%2C1000&ssl=1","jetpack_sharing_enabled":true,"_links":{"self":[{"href":"https:\/\/www.colombianitos.org\/en\/wp-json\/wp\/v2\/posts\/13271","targetHints":{"allow":["GET"]}}],"collection":[{"href":"https:\/\/www.colombianitos.org\/en\/wp-json\/wp\/v2\/posts"}],"about":[{"href":"https:\/\/www.colombianitos.org\/en\/wp-json\/wp\/v2\/types\/post"}],"author":[{"embeddable":true,"href":"https:\/\/www.colombianitos.org\/en\/wp-json\/wp\/v2\/users\/4"}],"replies":[{"embeddable":true,"href":"https:\/\/www.colombianitos.org\/en\/wp-json\/wp\/v2\/comments?post=13271"}],"version-history":[{"count":4,"href":"https:\/\/www.colombianitos.org\/en\/wp-json\/wp\/v2\/posts\/13271\/revisions"}],"predecessor-version":[{"id":13344,"href":"https:\/\/www.colombianitos.org\/en\/wp-json\/wp\/v2\/posts\/13271\/revisions\/13344"}],"wp:featuredmedia":[{"embeddable":true,"href":"https:\/\/www.colombianitos.org\/en\/wp-json\/wp\/v2\/media\/13273"}],"wp:attachment":[{"href":"https:\/\/www.colombianitos.org\/en\/wp-json\/wp\/v2\/media?parent=13271"}],"wp:term":[{"taxonomy":"category","embeddable":true,"href":"https:\/\/www.colombianitos.org\/en\/wp-json\/wp\/v2\/categories?post=13271"},{"taxonomy":"post_tag","embeddable":true,"href":"https:\/\/www.colombianitos.org\/en\/wp-json\/wp\/v2\/tags?post=13271"}],"curies":[{"name":"wp","href":"https:\/\/api.w.org\/{rel}","templated":true}]}}