{"id":13082,"date":"2024-03-26T16:51:14","date_gmt":"2024-03-26T21:51:14","guid":{"rendered":"https:\/\/www.colombianitos.org\/?p=13082"},"modified":"2024-03-26T16:51:19","modified_gmt":"2024-03-26T21:51:19","slug":"medalla-al-merito-princesa-usaca-por-la-alcaldia-de-usaquen-por-nuestro-impacto-innovador-en-el-territorio","status":"publish","type":"post","link":"https:\/\/www.colombianitos.org\/en\/medalla-al-merito-princesa-usaca-por-la-alcaldia-de-usaquen-por-nuestro-impacto-innovador-en-el-territorio\/","title":{"rendered":"Medalla al M\u00e9rito Princesa Usaca por la alcald\u00eda de Usaqu\u00e9n por nuestro impacto innovador en el territorio"},"content":{"rendered":"<body><p>[et_pb_section fb_built=\u201d1\u2033 admin_label=\u201dsection\u201d _builder_version=\u201d4.16\u2033 da_disable_devices=\u201doff|off|off\u201d global_colors_info=\u201d{}\u201d da_is_popup=\u201doff\u201d da_exit_intent=\u201doff\u201d da_has_close=\u201don\u201d da_alt_close=\u201doff\u201d da_dark_close=\u201doff\u201d da_not_modal=\u201don\u201d da_is_singular=\u201doff\u201d da_with_loader=\u201doff\u201d da_has_shadow=\u201don\u201d][et_pb_row admin_label=\u201drow\u201d _builder_version=\u201d4.16\u2033 background_size=\u201dinitial\u201d background_position=\u201dtop_left\u201d background_repeat=\u201drepeat\u201d global_colors_info=\u201d{}\u201d][et_pb_column type=\u201d4_4\u2033 _builder_version=\u201d4.16\u2033 custom_padding=\u201d|||\u201d global_colors_info=\u201d{}\u201d custom_padding__hover=\u201d|||\u201d][et_pb_text _builder_version=\u201d4.20.4\u2033 _module_preset=\u201ddefault\u201d text_text_color=\u201d#0038F0\u2033 text_font_size=\u201d30px\u201d global_colors_info=\u201d{}\u201d]<strong>08-06-2023<\/strong><br>\n[\/et_pb_text][et_pb_gallery gallery_ids=\u201d13086,13087,13088\u2033 posts_number=\u201d30\u2033 show_title_and_caption=\u201doff\u201d _builder_version=\u201d4.20.4\u2033 _module_preset=\u201ddefault\u201d global_colors_info=\u201d{}\u201d][\/et_pb_gallery][\/et_pb_column][\/et_pb_row][\/et_pb_section]<\/p>\n<\/body>","protected":false},"excerpt":{"rendered":"<p>08-06-2023<\/p>","protected":false},"author":4,"featured_media":13084,"comment_status":"open","ping_status":"open","sticky":false,"template":"","format":"standard","meta":{"nf_dc_page":"","_et_pb_use_builder":"on","_et_pb_old_content":"","_et_gb_content_width":"","om_disable_all_campaigns":false,"_monsterinsights_skip_tracking":false,"_monsterinsights_sitenote_active":false,"_monsterinsights_sitenote_note":"","_monsterinsights_sitenote_category":0,"_jetpack_memberships_contains_paid_content":false,"footnotes":""},"categories":[43],"tags":[],"class_list":["post-13082","post","type-post","status-publish","format-standard","has-post-thumbnail","hentry","category-galeria"],"aioseo_notices":[],"jetpack_featured_media_url":"https:\/\/i0.wp.com\/www.colombianitos.org\/wp-content\/uploads\/2024\/03\/6.Reconocimiento-al-Merito-Princesa-Usaca.png?fit=1000%2C1000&ssl=1","jetpack_sharing_enabled":true,"_links":{"self":[{"href":"https:\/\/www.colombianitos.org\/en\/wp-json\/wp\/v2\/posts\/13082","targetHints":{"allow":["GET"]}}],"collection":[{"href":"https:\/\/www.colombianitos.org\/en\/wp-json\/wp\/v2\/posts"}],"about":[{"href":"https:\/\/www.colombianitos.org\/en\/wp-json\/wp\/v2\/types\/post"}],"author":[{"embeddable":true,"href":"https:\/\/www.colombianitos.org\/en\/wp-json\/wp\/v2\/users\/4"}],"replies":[{"embeddable":true,"href":"https:\/\/www.colombianitos.org\/en\/wp-json\/wp\/v2\/comments?post=13082"}],"version-history":[{"count":4,"href":"https:\/\/www.colombianitos.org\/en\/wp-json\/wp\/v2\/posts\/13082\/revisions"}],"predecessor-version":[{"id":13225,"href":"https:\/\/www.colombianitos.org\/en\/wp-json\/wp\/v2\/posts\/13082\/revisions\/13225"}],"wp:featuredmedia":[{"embeddable":true,"href":"https:\/\/www.colombianitos.org\/en\/wp-json\/wp\/v2\/media\/13084"}],"wp:attachment":[{"href":"https:\/\/www.colombianitos.org\/en\/wp-json\/wp\/v2\/media?parent=13082"}],"wp:term":[{"taxonomy":"category","embeddable":true,"href":"https:\/\/www.colombianitos.org\/en\/wp-json\/wp\/v2\/categories?post=13082"},{"taxonomy":"post_tag","embeddable":true,"href":"https:\/\/www.colombianitos.org\/en\/wp-json\/wp\/v2\/tags?post=13082"}],"curies":[{"name":"wp","href":"https:\/\/api.w.org\/{rel}","templated":true}]}}