{"id":11927,"date":"2023-05-03T10:15:40","date_gmt":"2023-05-03T15:15:40","guid":{"rendered":"https:\/\/www.colombianitos.org\/?p=11927"},"modified":"2023-05-03T10:29:19","modified_gmt":"2023-05-03T15:29:19","slug":"felipe-viera","status":"publish","type":"post","link":"https:\/\/www.colombianitos.org\/en\/felipe-viera\/","title":{"rendered":"Manuel Felipe Vera Moreno"},"content":{"rendered":"<body><p><\/p>[et_pb_section fb_built=\u201d1\u2033 admin_label=\u201dsection\u201d _builder_version=\u201d4.16\u2033 da_disable_devices=\u201doff|off|off\u201d global_colors_info=\u201d{}\u201d da_is_popup=\u201doff\u201d da_exit_intent=\u201doff\u201d da_has_close=\u201don\u201d da_alt_close=\u201doff\u201d da_dark_close=\u201doff\u201d da_not_modal=\u201don\u201d da_is_singular=\u201doff\u201d da_with_loader=\u201doff\u201d da_has_shadow=\u201don\u201d][et_pb_row admin_label=\u201drow\u201d _builder_version=\u201d4.16\u2033 background_size=\u201dinitial\u201d background_position=\u201dtop_left\u201d background_repeat=\u201drepeat\u201d global_colors_info=\u201d{}\u201d][et_pb_column type=\u201d4_4\u2033 _builder_version=\u201d4.16\u2033 custom_padding=\u201d|||\u201d global_colors_info=\u201d{}\u201d custom_padding__hover=\u201d|||\u201d][et_pb_text _builder_version=\u201d4.20.4\u2033 _module_preset=\u201ddefault\u201d hover_enabled=\u201d0\u2033 global_colors_info=\u201d{}\u201d sticky_enabled=\u201d0\u2033]\n<p>Felipe Vera fue colombianito a los 8 a\u00f1os de edad, ingres\u00f3 al programa de f\u00fatbol en Ciudad Bol\u00edvar, aproximadamente dos a\u00f1os despu\u00e9s de su inscripci\u00f3n a la fundaci\u00f3n, se implement\u00f3 el programa de rugby y decidi\u00f3 participar.<\/p>\n<p>Estuvo con el profesor \u00d3scar Forero, durante este proceso con el equipo de rugby de la fundaci\u00f3n logr\u00f3 participar en varios torneos en Bogot\u00e1 y uno en Medell\u00edn. Luego represent\u00f3 a la ciudad en la selecci\u00f3n Bogot\u00e1 juvenil, luego tuvo la oportunidad de jugar en otros clubes ahora de la liga de rugby de Bogot\u00e1, mientras realizaba todos estos torneos, Viera nunca se desvincul\u00f3 de los otros programas de la fundaci\u00f3n.<\/p>\n<p>Actualmente, es el entrenador deportivo de Rugby en Ciudad Bol\u00edvar, viene a brindarle todos sus conocimientos a una poblaci\u00f3n que una vez hizo parte siendo alumno. Para nosotros es un orgullo la representaci\u00f3n que hace el profesor Felipe ya que demuestra que la fundaci\u00f3n transforma de manera positiva la vida de nuestros colombianitos. Adem\u00e1s, es entrenador de rugby en varios equipos juveniles y el equipo masculino de mayores de Alianza RC, un club de la liga de rugby de Bogot\u00e1 y es el nuevo coordinador de Rugby. \u00a1QUE ORGULLO!\u00a0 <img data-recalc-dims=\"1\" decoding=\"async\" class=\"wp-image-11909 alignnone size-large\" src=\"https:\/\/i0.wp.com\/www.colombianitos.org\/wp-content\/uploads\/2023\/04\/profe-felipe.jpeg?resize=1024%2C1024&#038;ssl=1\" alt=\"\" width=\"1024\" height=\"1024\" loading=\"lazy\" srcset=\"https:\/\/www.colombianitos.org\/wp-content\/uploads\/2023\/04\/profe-felipe-980x980.jpeg 980w, https:\/\/www.colombianitos.org\/wp-content\/uploads\/2023\/04\/profe-felipe-480x480.jpeg 480w\" sizes=\"(min-width: 0px) and (max-width: 480px) 480px, (min-width: 481px) and (max-width: 980px) 980px, (min-width: 981px) 1024px, 100vw\" \/><\/p>\n<p>[\/et_pb_text][\/et_pb_column][\/et_pb_row][\/et_pb_section]<\/p>\n<\/body>","protected":false},"excerpt":{"rendered":"<p>Felipe Vera fue colombianito a los 8 a\u00f1os de edad, ingres\u00f3 al programa de f\u00fatbol en Ciudad Bol\u00edvar, aproximadamente dos a\u00f1os despu\u00e9s de su inscripci\u00f3n a la fundaci\u00f3n, se implement\u00f3 el programa de rugby y decidi\u00f3 participar. Estuvo con el profesor \u00d3scar Forero, durante este proceso con el equipo de rugby de la fundaci\u00f3n logr\u00f3 [&hellip;]<\/p>","protected":false},"author":4,"featured_media":11929,"comment_status":"open","ping_status":"open","sticky":false,"template":"","format":"standard","meta":{"nf_dc_page":"","_et_pb_use_builder":"on","_et_pb_old_content":"","_et_gb_content_width":"","om_disable_all_campaigns":false,"_monsterinsights_skip_tracking":false,"_monsterinsights_sitenote_active":false,"_monsterinsights_sitenote_note":"","_monsterinsights_sitenote_category":0,"_jetpack_memberships_contains_paid_content":false,"footnotes":""},"categories":[14],"tags":[],"class_list":["post-11927","post","type-post","status-publish","format-standard","has-post-thumbnail","hentry","category-destacadas-casos-de-exito"],"aioseo_notices":[],"jetpack_featured_media_url":"https:\/\/i0.wp.com\/www.colombianitos.org\/wp-content\/uploads\/2023\/05\/WhatsApp-Image-2023-05-03-at-10.06.28-AM.jpeg?fit=1600%2C1200&ssl=1","jetpack_sharing_enabled":true,"_links":{"self":[{"href":"https:\/\/www.colombianitos.org\/en\/wp-json\/wp\/v2\/posts\/11927","targetHints":{"allow":["GET"]}}],"collection":[{"href":"https:\/\/www.colombianitos.org\/en\/wp-json\/wp\/v2\/posts"}],"about":[{"href":"https:\/\/www.colombianitos.org\/en\/wp-json\/wp\/v2\/types\/post"}],"author":[{"embeddable":true,"href":"https:\/\/www.colombianitos.org\/en\/wp-json\/wp\/v2\/users\/4"}],"replies":[{"embeddable":true,"href":"https:\/\/www.colombianitos.org\/en\/wp-json\/wp\/v2\/comments?post=11927"}],"version-history":[{"count":5,"href":"https:\/\/www.colombianitos.org\/en\/wp-json\/wp\/v2\/posts\/11927\/revisions"}],"predecessor-version":[{"id":11936,"href":"https:\/\/www.colombianitos.org\/en\/wp-json\/wp\/v2\/posts\/11927\/revisions\/11936"}],"wp:featuredmedia":[{"embeddable":true,"href":"https:\/\/www.colombianitos.org\/en\/wp-json\/wp\/v2\/media\/11929"}],"wp:attachment":[{"href":"https:\/\/www.colombianitos.org\/en\/wp-json\/wp\/v2\/media?parent=11927"}],"wp:term":[{"taxonomy":"category","embeddable":true,"href":"https:\/\/www.colombianitos.org\/en\/wp-json\/wp\/v2\/categories?post=11927"},{"taxonomy":"post_tag","embeddable":true,"href":"https:\/\/www.colombianitos.org\/en\/wp-json\/wp\/v2\/tags?post=11927"}],"curies":[{"name":"wp","href":"https:\/\/api.w.org\/{rel}","templated":true}]}}