{"id":11927,"date":"2023-05-03T10:15:40","date_gmt":"2023-05-03T15:15:40","guid":{"rendered":"https:\/\/www.colombianitos.org\/?p=11927"},"modified":"2023-05-03T10:29:19","modified_gmt":"2023-05-03T15:29:19","slug":"felipe-viera","status":"publish","type":"post","link":"https:\/\/www.colombianitos.org\/en\/felipe-viera\/","title":{"rendered":"Manuel Felipe Vera Moreno"},"content":{"rendered":"<p>[et_pb_section fb_built=&#8221;1&#8243; admin_label=&#8221;section&#8221; _builder_version=&#8221;4.16&#8243; da_disable_devices=&#8221;off|off|off&#8221; global_colors_info=&#8221;{}&#8221; da_is_popup=&#8221;off&#8221; da_exit_intent=&#8221;off&#8221; da_has_close=&#8221;on&#8221; da_alt_close=&#8221;off&#8221; da_dark_close=&#8221;off&#8221; da_not_modal=&#8221;on&#8221; da_is_singular=&#8221;off&#8221; da_with_loader=&#8221;off&#8221; da_has_shadow=&#8221;on&#8221;][et_pb_row admin_label=&#8221;row&#8221; _builder_version=&#8221;4.16&#8243; background_size=&#8221;initial&#8221; background_position=&#8221;top_left&#8221; background_repeat=&#8221;repeat&#8221; global_colors_info=&#8221;{}&#8221;][et_pb_column type=&#8221;4_4&#8243; _builder_version=&#8221;4.16&#8243; custom_padding=&#8221;|||&#8221; global_colors_info=&#8221;{}&#8221; custom_padding__hover=&#8221;|||&#8221;][et_pb_text _builder_version=&#8221;4.20.4&#8243; _module_preset=&#8221;default&#8221; hover_enabled=&#8221;0&#8243; global_colors_info=&#8221;{}&#8221; sticky_enabled=&#8221;0&#8243;]<\/p>\n<p>Felipe Vera fue colombianito a los 8 a\u00f1os de edad, ingres\u00f3 al programa de f\u00fatbol en Ciudad Bol\u00edvar, aproximadamente dos a\u00f1os despu\u00e9s de su inscripci\u00f3n a la fundaci\u00f3n, se implement\u00f3 el programa de rugby y decidi\u00f3 participar.<\/p>\n<p>Estuvo con el profesor \u00d3scar Forero, durante este proceso con el equipo de rugby de la fundaci\u00f3n logr\u00f3 participar en varios torneos en Bogot\u00e1 y uno en Medell\u00edn. Luego represent\u00f3 a la ciudad en la selecci\u00f3n Bogot\u00e1 juvenil, luego tuvo la oportunidad de jugar en otros clubes ahora de la liga de rugby de Bogot\u00e1, mientras realizaba todos estos torneos, Viera nunca se desvincul\u00f3 de los otros programas de la fundaci\u00f3n.<\/p>\n<p>Actualmente, es el entrenador deportivo de Rugby en Ciudad Bol\u00edvar, viene a brindarle todos sus conocimientos a una poblaci\u00f3n que una vez hizo parte siendo alumno. Para nosotros es un orgullo la representaci\u00f3n que hace el profesor Felipe ya que demuestra que la fundaci\u00f3n transforma de manera positiva la vida de nuestros colombianitos. Adem\u00e1s, es entrenador de rugby en varios equipos juveniles y el equipo masculino de mayores de Alianza RC, un club de la liga de rugby de Bogot\u00e1 y es el nuevo coordinador de Rugby. \u00a1QUE ORGULLO!\u00a0 <img decoding=\"async\" loading=\"lazy\" class=\"wp-image-11909 alignnone size-large\" src=\"https:\/\/www.colombianitos.org\/wp-content\/uploads\/2023\/04\/profe-felipe-1024x1024.jpeg\" alt=\"\" width=\"1024\" height=\"1024\" srcset=\"https:\/\/www.colombianitos.org\/wp-content\/uploads\/2023\/04\/profe-felipe-980x980.jpeg 980w, https:\/\/www.colombianitos.org\/wp-content\/uploads\/2023\/04\/profe-felipe-480x480.jpeg 480w\" sizes=\"(min-width: 0px) and (max-width: 480px) 480px, (min-width: 481px) and (max-width: 980px) 980px, (min-width: 981px) 1024px, 100vw\" \/><\/p>\n<p>[\/et_pb_text][\/et_pb_column][\/et_pb_row][\/et_pb_section]<\/p>\n","protected":false},"excerpt":{"rendered":"<p>Felipe Vera fue colombianito a los 8 a\u00f1os de edad, ingres\u00f3 al programa de f\u00fatbol en Ciudad Bol\u00edvar, aproximadamente dos a\u00f1os despu\u00e9s de su inscripci\u00f3n a la fundaci\u00f3n, se implement\u00f3 el programa de rugby y decidi\u00f3 participar. Estuvo con el profesor \u00d3scar Forero, durante este proceso con el equipo de rugby de la fundaci\u00f3n logr\u00f3 [&hellip;]<\/p>\n","protected":false},"author":4,"featured_media":11929,"comment_status":"open","ping_status":"open","sticky":false,"template":"","format":"standard","meta":{"nf_dc_page":"","_et_pb_use_builder":"on","_et_pb_old_content":"","_et_gb_content_width":"","om_disable_all_campaigns":false,"_monsterinsights_skip_tracking":false,"_monsterinsights_sitenote_active":false,"_monsterinsights_sitenote_note":"","_monsterinsights_sitenote_category":0,"footnotes":""},"categories":[14],"tags":[],"class_list":["post-11927","post","type-post","status-publish","format-standard","has-post-thumbnail","hentry","category-destacadas-casos-de-exito"],"aioseo_notices":[],"aioseo_head":"\n\t\t<!-- All in One SEO 4.9.9 - aioseo.com -->\n\t<meta name=\"description\" content=\"Felipe Vera fue colombianito a los 8 a\u00f1os de edad, ingres\u00f3 al programa de f\u00fatbol en Ciudad Bol\u00edvar, aproximadamente dos a\u00f1os despu\u00e9s de su inscripci\u00f3n a la fundaci\u00f3n, se implement\u00f3 el programa de rugby y decidi\u00f3 participar. Estuvo con el profesor \u00d3scar Forero, durante este proceso con el equipo de rugby de la fundaci\u00f3n logr\u00f3\" \/>\n\t<meta name=\"robots\" content=\"max-image-preview:large\" \/>\n\t<meta name=\"author\" content=\"Colombianitos\"\/>\n\t<link rel=\"canonical\" href=\"https:\/\/www.colombianitos.org\/en\/felipe-viera\/\" \/>\n\t<meta name=\"generator\" content=\"All in One SEO (AIOSEO) 4.9.9\" \/>\n\t\t<meta property=\"og:locale\" content=\"en_US\" \/>\n\t\t<meta property=\"og:site_name\" content=\"Fundaci\u00f3n Colombianitos - FUNDACI\u00d3N COLOMBIANITOS, Es una entidad sin \u00e1nimo de lucro, fundada en el 2001, que busca mejorar la calidad de vida de los ni\u00f1os, ni\u00f1as y j\u00f3venes de las comunidades m\u00e1s vulnerables del pa\u00eds, a trav\u00e9s del deporte, el juego, la recreaci\u00f3n, la educaci\u00f3n y la salud.\" \/>\n\t\t<meta property=\"og:type\" content=\"article\" \/>\n\t\t<meta property=\"og:title\" content=\"Manuel Felipe Vera Moreno - Fundaci\u00f3n Colombianitos\" \/>\n\t\t<meta property=\"og:description\" content=\"Felipe Vera fue colombianito a los 8 a\u00f1os de edad, ingres\u00f3 al programa de f\u00fatbol en Ciudad Bol\u00edvar, aproximadamente dos a\u00f1os despu\u00e9s de su inscripci\u00f3n a la fundaci\u00f3n, se implement\u00f3 el programa de rugby y decidi\u00f3 participar. Estuvo con el profesor \u00d3scar Forero, durante este proceso con el equipo de rugby de la fundaci\u00f3n logr\u00f3\" \/>\n\t\t<meta property=\"og:url\" content=\"https:\/\/www.colombianitos.org\/en\/felipe-viera\/\" \/>\n\t\t<meta property=\"article:published_time\" content=\"2023-05-03T15:15:40+00:00\" \/>\n\t\t<meta property=\"article:modified_time\" content=\"2023-05-03T15:29:19+00:00\" \/>\n\t\t<meta name=\"twitter:card\" content=\"summary_large_image\" \/>\n\t\t<meta name=\"twitter:title\" content=\"Manuel Felipe Vera Moreno - Fundaci\u00f3n Colombianitos\" \/>\n\t\t<meta name=\"twitter:description\" content=\"Felipe Vera fue colombianito a los 8 a\u00f1os de edad, ingres\u00f3 al programa de f\u00fatbol en Ciudad Bol\u00edvar, aproximadamente dos a\u00f1os despu\u00e9s de su inscripci\u00f3n a la fundaci\u00f3n, se implement\u00f3 el programa de rugby y decidi\u00f3 participar. Estuvo con el profesor \u00d3scar Forero, durante este proceso con el equipo de rugby de la fundaci\u00f3n logr\u00f3\" \/>\n\t\t<script type=\"application\/ld+json\" class=\"aioseo-schema\">\n\t\t\t{\"@context\":\"https:\\\/\\\/schema.org\",\"@graph\":[{\"@type\":\"BlogPosting\",\"@id\":\"https:\\\/\\\/www.colombianitos.org\\\/en\\\/felipe-viera\\\/#blogposting\",\"name\":\"Manuel Felipe Vera Moreno - Fundaci\\u00f3n Colombianitos\",\"headline\":\"Manuel Felipe Vera Moreno\",\"author\":{\"@id\":\"https:\\\/\\\/www.colombianitos.org\\\/en\\\/author\\\/colombianitos\\\/#author\"},\"publisher\":{\"@id\":\"https:\\\/\\\/www.colombianitos.org\\\/en\\\/#organization\"},\"image\":{\"@type\":\"ImageObject\",\"url\":\"https:\\\/\\\/www.colombianitos.org\\\/wp-content\\\/uploads\\\/2023\\\/05\\\/WhatsApp-Image-2023-05-03-at-10.06.28-AM.jpeg\",\"width\":1600,\"height\":1200},\"datePublished\":\"2023-05-03T10:15:40-05:00\",\"dateModified\":\"2023-05-03T10:29:19-05:00\",\"inLanguage\":\"en-US\",\"mainEntityOfPage\":{\"@id\":\"https:\\\/\\\/www.colombianitos.org\\\/en\\\/felipe-viera\\\/#webpage\"},\"isPartOf\":{\"@id\":\"https:\\\/\\\/www.colombianitos.org\\\/en\\\/felipe-viera\\\/#webpage\"},\"articleSection\":\"Destacadas Casos de Exito\"},{\"@type\":\"BreadcrumbList\",\"@id\":\"https:\\\/\\\/www.colombianitos.org\\\/en\\\/felipe-viera\\\/#breadcrumblist\",\"itemListElement\":[{\"@type\":\"ListItem\",\"@id\":\"https:\\\/\\\/www.colombianitos.org\\\/en#listItem\",\"position\":1,\"name\":\"Inicio\",\"item\":\"https:\\\/\\\/www.colombianitos.org\\\/en\",\"nextItem\":{\"@type\":\"ListItem\",\"@id\":\"https:\\\/\\\/www.colombianitos.org\\\/en\\\/category\\\/destacadas-casos-de-exito\\\/#listItem\",\"name\":\"Destacadas Casos de Exito\"}},{\"@type\":\"ListItem\",\"@id\":\"https:\\\/\\\/www.colombianitos.org\\\/en\\\/category\\\/destacadas-casos-de-exito\\\/#listItem\",\"position\":2,\"name\":\"Destacadas Casos de Exito\",\"item\":\"https:\\\/\\\/www.colombianitos.org\\\/en\\\/category\\\/destacadas-casos-de-exito\\\/\",\"nextItem\":{\"@type\":\"ListItem\",\"@id\":\"https:\\\/\\\/www.colombianitos.org\\\/en\\\/felipe-viera\\\/#listItem\",\"name\":\"Manuel Felipe Vera Moreno\"},\"previousItem\":{\"@type\":\"ListItem\",\"@id\":\"https:\\\/\\\/www.colombianitos.org\\\/en#listItem\",\"name\":\"Inicio\"}},{\"@type\":\"ListItem\",\"@id\":\"https:\\\/\\\/www.colombianitos.org\\\/en\\\/felipe-viera\\\/#listItem\",\"position\":3,\"name\":\"Manuel Felipe Vera Moreno\",\"previousItem\":{\"@type\":\"ListItem\",\"@id\":\"https:\\\/\\\/www.colombianitos.org\\\/en\\\/category\\\/destacadas-casos-de-exito\\\/#listItem\",\"name\":\"Destacadas Casos de Exito\"}}]},{\"@type\":\"Organization\",\"@id\":\"https:\\\/\\\/www.colombianitos.org\\\/en\\\/#organization\",\"name\":\"Fundaci\\u00f3n Colombianitos\",\"description\":\"FUNDACI\\u00d3N COLOMBIANITOS, Es una entidad sin \\u00e1nimo de lucro, fundada en el 2001, que busca mejorar la calidad de vida de los ni\\u00f1os, ni\\u00f1as y j\\u00f3venes de las comunidades m\\u00e1s vulnerables del pa\\u00eds, a trav\\u00e9s del deporte, el juego, la recreaci\\u00f3n, la educaci\\u00f3n y la salud.\",\"url\":\"https:\\\/\\\/www.colombianitos.org\\\/en\\\/\"},{\"@type\":\"Person\",\"@id\":\"https:\\\/\\\/www.colombianitos.org\\\/en\\\/author\\\/colombianitos\\\/#author\",\"url\":\"https:\\\/\\\/www.colombianitos.org\\\/en\\\/author\\\/colombianitos\\\/\",\"name\":\"Colombianitos\",\"image\":{\"@type\":\"ImageObject\",\"@id\":\"https:\\\/\\\/www.colombianitos.org\\\/en\\\/felipe-viera\\\/#authorImage\",\"url\":\"https:\\\/\\\/secure.gravatar.com\\\/avatar\\\/162216574a08ccd283680e2592db1b40c63969e89377b59fd627a8bb9741e064?s=96&d=mm&r=g\",\"width\":96,\"height\":96,\"caption\":\"Colombianitos\"}},{\"@type\":\"WebPage\",\"@id\":\"https:\\\/\\\/www.colombianitos.org\\\/en\\\/felipe-viera\\\/#webpage\",\"url\":\"https:\\\/\\\/www.colombianitos.org\\\/en\\\/felipe-viera\\\/\",\"name\":\"Manuel Felipe Vera Moreno - Fundaci\\u00f3n Colombianitos\",\"description\":\"Felipe Vera fue colombianito a los 8 a\\u00f1os de edad, ingres\\u00f3 al programa de f\\u00fatbol en Ciudad Bol\\u00edvar, aproximadamente dos a\\u00f1os despu\\u00e9s de su inscripci\\u00f3n a la fundaci\\u00f3n, se implement\\u00f3 el programa de rugby y decidi\\u00f3 participar. Estuvo con el profesor \\u00d3scar Forero, durante este proceso con el equipo de rugby de la fundaci\\u00f3n logr\\u00f3\",\"inLanguage\":\"en-US\",\"isPartOf\":{\"@id\":\"https:\\\/\\\/www.colombianitos.org\\\/en\\\/#website\"},\"breadcrumb\":{\"@id\":\"https:\\\/\\\/www.colombianitos.org\\\/en\\\/felipe-viera\\\/#breadcrumblist\"},\"author\":{\"@id\":\"https:\\\/\\\/www.colombianitos.org\\\/en\\\/author\\\/colombianitos\\\/#author\"},\"creator\":{\"@id\":\"https:\\\/\\\/www.colombianitos.org\\\/en\\\/author\\\/colombianitos\\\/#author\"},\"image\":{\"@type\":\"ImageObject\",\"url\":\"https:\\\/\\\/www.colombianitos.org\\\/wp-content\\\/uploads\\\/2023\\\/05\\\/WhatsApp-Image-2023-05-03-at-10.06.28-AM.jpeg\",\"@id\":\"https:\\\/\\\/www.colombianitos.org\\\/en\\\/felipe-viera\\\/#mainImage\",\"width\":1600,\"height\":1200},\"primaryImageOfPage\":{\"@id\":\"https:\\\/\\\/www.colombianitos.org\\\/en\\\/felipe-viera\\\/#mainImage\"},\"datePublished\":\"2023-05-03T10:15:40-05:00\",\"dateModified\":\"2023-05-03T10:29:19-05:00\"},{\"@type\":\"WebSite\",\"@id\":\"https:\\\/\\\/www.colombianitos.org\\\/en\\\/#website\",\"url\":\"https:\\\/\\\/www.colombianitos.org\\\/en\\\/\",\"name\":\"Fundaci\\u00f3n Colombianitos\",\"description\":\"FUNDACI\\u00d3N COLOMBIANITOS, Es una entidad sin \\u00e1nimo de lucro, fundada en el 2001, que busca mejorar la calidad de vida de los ni\\u00f1os, ni\\u00f1as y j\\u00f3venes de las comunidades m\\u00e1s vulnerables del pa\\u00eds, a trav\\u00e9s del deporte, el juego, la recreaci\\u00f3n, la educaci\\u00f3n y la salud.\",\"inLanguage\":\"en-US\",\"publisher\":{\"@id\":\"https:\\\/\\\/www.colombianitos.org\\\/en\\\/#organization\"}}]}\n\t\t<\/script>\n\t\t<!-- All in One SEO -->\n\n","aioseo_head_json":{"title":"Manuel Felipe Vera Moreno - Fundaci\u00f3n Colombianitos","description":"Felipe Vera fue colombianito a los 8 a\u00f1os de edad, ingres\u00f3 al programa de f\u00fatbol en Ciudad Bol\u00edvar, aproximadamente dos a\u00f1os despu\u00e9s de su inscripci\u00f3n a la fundaci\u00f3n, se implement\u00f3 el programa de rugby y decidi\u00f3 participar. Estuvo con el profesor \u00d3scar Forero, durante este proceso con el equipo de rugby de la fundaci\u00f3n logr\u00f3","canonical_url":"https:\/\/www.colombianitos.org\/en\/felipe-viera\/","robots":"max-image-preview:large","keywords":"","webmasterTools":{"miscellaneous":""},"schema":{"@context":"https:\/\/schema.org","@graph":[{"@type":"BlogPosting","@id":"https:\/\/www.colombianitos.org\/en\/felipe-viera\/#blogposting","name":"Manuel Felipe Vera Moreno - Fundaci\u00f3n Colombianitos","headline":"Manuel Felipe Vera Moreno","author":{"@id":"https:\/\/www.colombianitos.org\/en\/author\/colombianitos\/#author"},"publisher":{"@id":"https:\/\/www.colombianitos.org\/en\/#organization"},"image":{"@type":"ImageObject","url":"https:\/\/www.colombianitos.org\/wp-content\/uploads\/2023\/05\/WhatsApp-Image-2023-05-03-at-10.06.28-AM.jpeg","width":1600,"height":1200},"datePublished":"2023-05-03T10:15:40-05:00","dateModified":"2023-05-03T10:29:19-05:00","inLanguage":"en-US","mainEntityOfPage":{"@id":"https:\/\/www.colombianitos.org\/en\/felipe-viera\/#webpage"},"isPartOf":{"@id":"https:\/\/www.colombianitos.org\/en\/felipe-viera\/#webpage"},"articleSection":"Destacadas Casos de Exito"},{"@type":"BreadcrumbList","@id":"https:\/\/www.colombianitos.org\/en\/felipe-viera\/#breadcrumblist","itemListElement":[{"@type":"ListItem","@id":"https:\/\/www.colombianitos.org\/en#listItem","position":1,"name":"Inicio","item":"https:\/\/www.colombianitos.org\/en","nextItem":{"@type":"ListItem","@id":"https:\/\/www.colombianitos.org\/en\/category\/destacadas-casos-de-exito\/#listItem","name":"Destacadas Casos de Exito"}},{"@type":"ListItem","@id":"https:\/\/www.colombianitos.org\/en\/category\/destacadas-casos-de-exito\/#listItem","position":2,"name":"Destacadas Casos de Exito","item":"https:\/\/www.colombianitos.org\/en\/category\/destacadas-casos-de-exito\/","nextItem":{"@type":"ListItem","@id":"https:\/\/www.colombianitos.org\/en\/felipe-viera\/#listItem","name":"Manuel Felipe Vera Moreno"},"previousItem":{"@type":"ListItem","@id":"https:\/\/www.colombianitos.org\/en#listItem","name":"Inicio"}},{"@type":"ListItem","@id":"https:\/\/www.colombianitos.org\/en\/felipe-viera\/#listItem","position":3,"name":"Manuel Felipe Vera Moreno","previousItem":{"@type":"ListItem","@id":"https:\/\/www.colombianitos.org\/en\/category\/destacadas-casos-de-exito\/#listItem","name":"Destacadas Casos de Exito"}}]},{"@type":"Organization","@id":"https:\/\/www.colombianitos.org\/en\/#organization","name":"Fundaci\u00f3n Colombianitos","description":"FUNDACI\u00d3N COLOMBIANITOS, Es una entidad sin \u00e1nimo de lucro, fundada en el 2001, que busca mejorar la calidad de vida de los ni\u00f1os, ni\u00f1as y j\u00f3venes de las comunidades m\u00e1s vulnerables del pa\u00eds, a trav\u00e9s del deporte, el juego, la recreaci\u00f3n, la educaci\u00f3n y la salud.","url":"https:\/\/www.colombianitos.org\/en\/"},{"@type":"Person","@id":"https:\/\/www.colombianitos.org\/en\/author\/colombianitos\/#author","url":"https:\/\/www.colombianitos.org\/en\/author\/colombianitos\/","name":"Colombianitos","image":{"@type":"ImageObject","@id":"https:\/\/www.colombianitos.org\/en\/felipe-viera\/#authorImage","url":"https:\/\/secure.gravatar.com\/avatar\/162216574a08ccd283680e2592db1b40c63969e89377b59fd627a8bb9741e064?s=96&d=mm&r=g","width":96,"height":96,"caption":"Colombianitos"}},{"@type":"WebPage","@id":"https:\/\/www.colombianitos.org\/en\/felipe-viera\/#webpage","url":"https:\/\/www.colombianitos.org\/en\/felipe-viera\/","name":"Manuel Felipe Vera Moreno - Fundaci\u00f3n Colombianitos","description":"Felipe Vera fue colombianito a los 8 a\u00f1os de edad, ingres\u00f3 al programa de f\u00fatbol en Ciudad Bol\u00edvar, aproximadamente dos a\u00f1os despu\u00e9s de su inscripci\u00f3n a la fundaci\u00f3n, se implement\u00f3 el programa de rugby y decidi\u00f3 participar. Estuvo con el profesor \u00d3scar Forero, durante este proceso con el equipo de rugby de la fundaci\u00f3n logr\u00f3","inLanguage":"en-US","isPartOf":{"@id":"https:\/\/www.colombianitos.org\/en\/#website"},"breadcrumb":{"@id":"https:\/\/www.colombianitos.org\/en\/felipe-viera\/#breadcrumblist"},"author":{"@id":"https:\/\/www.colombianitos.org\/en\/author\/colombianitos\/#author"},"creator":{"@id":"https:\/\/www.colombianitos.org\/en\/author\/colombianitos\/#author"},"image":{"@type":"ImageObject","url":"https:\/\/www.colombianitos.org\/wp-content\/uploads\/2023\/05\/WhatsApp-Image-2023-05-03-at-10.06.28-AM.jpeg","@id":"https:\/\/www.colombianitos.org\/en\/felipe-viera\/#mainImage","width":1600,"height":1200},"primaryImageOfPage":{"@id":"https:\/\/www.colombianitos.org\/en\/felipe-viera\/#mainImage"},"datePublished":"2023-05-03T10:15:40-05:00","dateModified":"2023-05-03T10:29:19-05:00"},{"@type":"WebSite","@id":"https:\/\/www.colombianitos.org\/en\/#website","url":"https:\/\/www.colombianitos.org\/en\/","name":"Fundaci\u00f3n Colombianitos","description":"FUNDACI\u00d3N COLOMBIANITOS, Es una entidad sin \u00e1nimo de lucro, fundada en el 2001, que busca mejorar la calidad de vida de los ni\u00f1os, ni\u00f1as y j\u00f3venes de las comunidades m\u00e1s vulnerables del pa\u00eds, a trav\u00e9s del deporte, el juego, la recreaci\u00f3n, la educaci\u00f3n y la salud.","inLanguage":"en-US","publisher":{"@id":"https:\/\/www.colombianitos.org\/en\/#organization"}}]},"og:locale":"en_US","og:site_name":"Fundaci\u00f3n Colombianitos - FUNDACI\u00d3N COLOMBIANITOS, Es una entidad sin \u00e1nimo de lucro, fundada en el 2001, que busca mejorar la calidad de vida de los ni\u00f1os, ni\u00f1as y j\u00f3venes de las comunidades m\u00e1s vulnerables del pa\u00eds, a trav\u00e9s del deporte, el juego, la recreaci\u00f3n, la educaci\u00f3n y la salud.","og:type":"article","og:title":"Manuel Felipe Vera Moreno - Fundaci\u00f3n Colombianitos","og:description":"Felipe Vera fue colombianito a los 8 a\u00f1os de edad, ingres\u00f3 al programa de f\u00fatbol en Ciudad Bol\u00edvar, aproximadamente dos a\u00f1os despu\u00e9s de su inscripci\u00f3n a la fundaci\u00f3n, se implement\u00f3 el programa de rugby y decidi\u00f3 participar. Estuvo con el profesor \u00d3scar Forero, durante este proceso con el equipo de rugby de la fundaci\u00f3n logr\u00f3","og:url":"https:\/\/www.colombianitos.org\/en\/felipe-viera\/","article:published_time":"2023-05-03T15:15:40+00:00","article:modified_time":"2023-05-03T15:29:19+00:00","twitter:card":"summary_large_image","twitter:title":"Manuel Felipe Vera Moreno - Fundaci\u00f3n Colombianitos","twitter:description":"Felipe Vera fue colombianito a los 8 a\u00f1os de edad, ingres\u00f3 al programa de f\u00fatbol en Ciudad Bol\u00edvar, aproximadamente dos a\u00f1os despu\u00e9s de su inscripci\u00f3n a la fundaci\u00f3n, se implement\u00f3 el programa de rugby y decidi\u00f3 participar. Estuvo con el profesor \u00d3scar Forero, durante este proceso con el equipo de rugby de la fundaci\u00f3n logr\u00f3"},"aioseo_meta_data":{"post_id":"11927","title":null,"description":null,"keywords":null,"keyphrases":null,"primary_term":null,"canonical_url":null,"og_title":null,"og_description":null,"og_object_type":"default","og_image_type":"default","og_image_url":null,"og_image_width":null,"og_image_height":null,"og_image_custom_url":null,"og_image_custom_fields":null,"og_video":null,"og_custom_url":null,"og_article_section":null,"og_article_tags":null,"twitter_use_og":false,"twitter_card":"default","twitter_image_type":"default","twitter_image_url":null,"twitter_image_custom_url":null,"twitter_image_custom_fields":null,"twitter_title":null,"twitter_description":null,"schema":{"blockGraphs":[],"customGraphs":[],"default":{"data":{"Article":[],"Course":[],"Dataset":[],"FAQPage":[],"Movie":[],"Person":[],"Product":[],"ProductReview":[],"Car":[],"Recipe":[],"Service":[],"SoftwareApplication":[],"WebPage":[]},"graphName":"","isEnabled":true},"graphs":[]},"schema_type":"default","schema_type_options":null,"pillar_content":false,"robots_default":true,"robots_noindex":false,"robots_noarchive":false,"robots_nosnippet":false,"robots_nofollow":false,"robots_noimageindex":false,"robots_noodp":false,"robots_notranslate":false,"robots_max_snippet":null,"robots_max_videopreview":null,"robots_max_imagepreview":"large","priority":null,"frequency":null,"local_seo":null,"breadcrumb_settings":null,"limit_modified_date":false,"ai":null,"created":"2025-09-23 21:19:14","updated":"2025-09-24 02:07:04","seo_analyzer_scan_date":null},"aioseo_breadcrumb":"<div class=\"aioseo-breadcrumbs\"><span class=\"aioseo-breadcrumb\">\n\t\t\t<a href=\"https:\/\/www.colombianitos.org\/en\" title=\"Inicio\">Inicio<\/a>\n\t\t<\/span><span class=\"aioseo-breadcrumb-separator\">&raquo;<\/span><span class=\"aioseo-breadcrumb\">\n\t\t\t<a href=\"https:\/\/www.colombianitos.org\/en\/category\/destacadas-casos-de-exito\/\" title=\"Destacadas Casos de Exito\">Destacadas Casos de Exito<\/a>\n\t\t<\/span><span class=\"aioseo-breadcrumb-separator\">&raquo;<\/span><span class=\"aioseo-breadcrumb\">\n\t\t\tManuel Felipe Vera Moreno\n\t\t<\/span><\/div>","aioseo_breadcrumb_json":[{"label":"Inicio","link":"https:\/\/www.colombianitos.org\/en"},{"label":"Destacadas Casos de Exito","link":"https:\/\/www.colombianitos.org\/en\/category\/destacadas-casos-de-exito\/"},{"label":"Manuel Felipe Vera Moreno","link":"https:\/\/www.colombianitos.org\/en\/felipe-viera\/"}],"jetpack_featured_media_url":"https:\/\/www.colombianitos.org\/wp-content\/uploads\/2023\/05\/WhatsApp-Image-2023-05-03-at-10.06.28-AM.jpeg","_links":{"self":[{"href":"https:\/\/www.colombianitos.org\/en\/wp-json\/wp\/v2\/posts\/11927","targetHints":{"allow":["GET"]}}],"collection":[{"href":"https:\/\/www.colombianitos.org\/en\/wp-json\/wp\/v2\/posts"}],"about":[{"href":"https:\/\/www.colombianitos.org\/en\/wp-json\/wp\/v2\/types\/post"}],"author":[{"embeddable":true,"href":"https:\/\/www.colombianitos.org\/en\/wp-json\/wp\/v2\/users\/4"}],"replies":[{"embeddable":true,"href":"https:\/\/www.colombianitos.org\/en\/wp-json\/wp\/v2\/comments?post=11927"}],"version-history":[{"count":5,"href":"https:\/\/www.colombianitos.org\/en\/wp-json\/wp\/v2\/posts\/11927\/revisions"}],"predecessor-version":[{"id":11936,"href":"https:\/\/www.colombianitos.org\/en\/wp-json\/wp\/v2\/posts\/11927\/revisions\/11936"}],"wp:featuredmedia":[{"embeddable":true,"href":"https:\/\/www.colombianitos.org\/en\/wp-json\/wp\/v2\/media\/11929"}],"wp:attachment":[{"href":"https:\/\/www.colombianitos.org\/en\/wp-json\/wp\/v2\/media?parent=11927"}],"wp:term":[{"taxonomy":"category","embeddable":true,"href":"https:\/\/www.colombianitos.org\/en\/wp-json\/wp\/v2\/categories?post=11927"},{"taxonomy":"post_tag","embeddable":true,"href":"https:\/\/www.colombianitos.org\/en\/wp-json\/wp\/v2\/tags?post=11927"}],"curies":[{"name":"wp","href":"https:\/\/api.w.org\/{rel}","templated":true}]}}