{"id":11888,"date":"2023-04-24T09:57:19","date_gmt":"2023-04-24T14:57:19","guid":{"rendered":"https:\/\/www.colombianitos.org\/?p=11888"},"modified":"2023-04-24T09:57:23","modified_gmt":"2023-04-24T14:57:23","slug":"colombianitos-estuvo-presente-en-la-llegada-de-la-copa-mundial-femenina-de-futbol-a-colombia","status":"publish","type":"post","link":"https:\/\/www.colombianitos.org\/en\/colombianitos-estuvo-presente-en-la-llegada-de-la-copa-mundial-femenina-de-futbol-a-colombia\/","title":{"rendered":"\u00a1Colombianitos estuvo presente en la llegada de la Copa Mundial Femenina de F\u00fatbol a Colombia!"},"content":{"rendered":"<body><p><\/p>[et_pb_section fb_built=\u201d1\u2033 _builder_version=\u201d4.16\u2033 global_colors_info=\u201d{}\u201d da_is_popup=\u201doff\u201d da_exit_intent=\u201doff\u201d da_has_close=\u201don\u201d da_alt_close=\u201doff\u201d da_dark_close=\u201doff\u201d da_not_modal=\u201don\u201d da_is_singular=\u201doff\u201d da_with_loader=\u201doff\u201d da_has_shadow=\u201don\u201d da_disable_devices=\u201doff|off|off\u201d][et_pb_row _builder_version=\u201d4.16\u2033 background_size=\u201dinitial\u201d background_position=\u201dtop_left\u201d background_repeat=\u201drepeat\u201d global_colors_info=\u201d{}\u201d][et_pb_column type=\u201d4_4\u2033 _builder_version=\u201d4.16\u2033 custom_padding=\u201d|||\u201d global_colors_info=\u201d{}\u201d custom_padding__hover=\u201d|||\u201d][et_pb_text _builder_version=\u201d4.20.4\u2033 background_size=\u201dinitial\u201d background_position=\u201dtop_left\u201d background_repeat=\u201drepeat\u201d hover_enabled=\u201d0\u2033 global_colors_info=\u201d{}\u201d sticky_enabled=\u201d0\u2033]\n<p><strong><em>11 ni\u00f1as de Puerto Tejada Cauca, conocieron la #CopaFemenina2023 gracias a la invitaci\u00f3n de la Embajada de Australia. \u00a0<\/em><\/strong><\/p>\n<p><strong>El pasado 4 de abril nuestras colombianitas de Puerto Tejada, Cauca, viajaron hasta Cali para cumplir el sue\u00f1o de tomarse una foto con la Copa Mundial Femenina de F\u00fatbol, en su paso por Colombia. Tuvieron la oportunidad de conocer a las jugadoras de la Selecci\u00f3n Femenina de Colombia y evidenciaron como las mujeres rompen los esquemas en un deporte que fue considerado \u00fanicamente masculino. <\/strong><\/p>\n<p><strong>\u00a0<\/strong><strong>Todo esto fue posible gracias a la invitaci\u00f3n del embajador de Australia en Colombia, Sr. Bernard Unkles. En su intervenci\u00f3n, el embajador reconoci\u00f3 el trabajo que la fundaci\u00f3n ha desempe\u00f1ado durante a\u00f1os bajo el curr\u00edculo de Equidad de G\u00e9nero y como utiliza el deporte y la educaci\u00f3n como herramientas de construcci\u00f3n social. <\/strong><\/p>\n<p><strong>Nuestras colombianitas fueron entrevistadas por diferentes medios de comunicaci\u00f3n donde contaron su participaci\u00f3n en la fundaci\u00f3n y su experiencia el Tour de la Copa femenina 2023. Sin duda ser\u00e1 un d\u00eda inolvidable para ellas. \u00a0 <img data-recalc-dims=\"1\" decoding=\"async\" class=\"wp-image-11895 alignnone size-full\" src=\"https:\/\/i0.wp.com\/www.colombianitos.org\/wp-content\/uploads\/2023\/04\/real1.jpeg?resize=466%2C759&#038;ssl=1\" alt=\"\" width=\"466\" height=\"759\" loading=\"lazy\" srcset=\"https:\/\/i0.wp.com\/www.colombianitos.org\/wp-content\/uploads\/2023\/04\/real1.jpeg?w=466&amp;ssl=1 466w, https:\/\/i0.wp.com\/www.colombianitos.org\/wp-content\/uploads\/2023\/04\/real1.jpeg?resize=184%2C300&amp;ssl=1 184w, https:\/\/i0.wp.com\/www.colombianitos.org\/wp-content\/uploads\/2023\/04\/real1.jpeg?resize=7%2C12&amp;ssl=1 7w\" sizes=\"(max-width: 466px) 100vw, 466px\" \/><img data-recalc-dims=\"1\" decoding=\"async\" class=\"wp-image-11894 alignnone size-full\" src=\"https:\/\/i0.wp.com\/www.colombianitos.org\/wp-content\/uploads\/2023\/04\/real.jpeg?resize=470%2C713&#038;ssl=1\" alt=\"\" width=\"470\" height=\"713\" loading=\"lazy\" srcset=\"https:\/\/i0.wp.com\/www.colombianitos.org\/wp-content\/uploads\/2023\/04\/real.jpeg?w=470&amp;ssl=1 470w, https:\/\/i0.wp.com\/www.colombianitos.org\/wp-content\/uploads\/2023\/04\/real.jpeg?resize=198%2C300&amp;ssl=1 198w, https:\/\/i0.wp.com\/www.colombianitos.org\/wp-content\/uploads\/2023\/04\/real.jpeg?resize=8%2C12&amp;ssl=1 8w\" sizes=\"(max-width: 470px) 100vw, 470px\" \/><\/strong><\/p>\n<p><strong>\u00a0<\/strong><\/p>\n<p>[\/et_pb_text][\/et_pb_column][\/et_pb_row][\/et_pb_section]<\/p>\n<\/body>","protected":false},"excerpt":{"rendered":"<p>11 ni\u00f1as de Puerto Tejada Cauca, conocieron la #CopaFemenina2023 gracias a la invitaci\u00f3n de la Embajada de Australia. \u00a0 El pasado 4 de abril nuestras colombianitas de Puerto Tejada, Cauca, viajaron hasta Cali para cumplir el sue\u00f1o de tomarse una foto con la Copa Mundial Femenina de F\u00fatbol, en su paso por Colombia. Tuvieron la [&hellip;]<\/p>","protected":false},"author":4,"featured_media":11889,"comment_status":"open","ping_status":"open","sticky":false,"template":"","format":"standard","meta":{"nf_dc_page":"","_et_pb_use_builder":"on","_et_pb_old_content":"<p><img class=\"alignnone size-full wp-image-11890\" src=\"https:\/\/www.colombianitos.org\/wp-content\/uploads\/2023\/04\/g1-1.jpeg\" alt=\"\" width=\"1024\" height=\"768\" \/><\/p>","_et_gb_content_width":"","om_disable_all_campaigns":false,"_monsterinsights_skip_tracking":false,"_monsterinsights_sitenote_active":false,"_monsterinsights_sitenote_note":"","_monsterinsights_sitenote_category":0,"_jetpack_memberships_contains_paid_content":false,"footnotes":""},"categories":[7],"tags":[],"class_list":["post-11888","post","type-post","status-publish","format-standard","has-post-thumbnail","hentry","category-noticias"],"aioseo_notices":[],"jetpack_featured_media_url":"https:\/\/i0.wp.com\/www.colombianitos.org\/wp-content\/uploads\/2023\/04\/g1.jpeg?fit=1024%2C768&ssl=1","jetpack_sharing_enabled":true,"_links":{"self":[{"href":"https:\/\/www.colombianitos.org\/en\/wp-json\/wp\/v2\/posts\/11888","targetHints":{"allow":["GET"]}}],"collection":[{"href":"https:\/\/www.colombianitos.org\/en\/wp-json\/wp\/v2\/posts"}],"about":[{"href":"https:\/\/www.colombianitos.org\/en\/wp-json\/wp\/v2\/types\/post"}],"author":[{"embeddable":true,"href":"https:\/\/www.colombianitos.org\/en\/wp-json\/wp\/v2\/users\/4"}],"replies":[{"embeddable":true,"href":"https:\/\/www.colombianitos.org\/en\/wp-json\/wp\/v2\/comments?post=11888"}],"version-history":[{"count":4,"href":"https:\/\/www.colombianitos.org\/en\/wp-json\/wp\/v2\/posts\/11888\/revisions"}],"predecessor-version":[{"id":11898,"href":"https:\/\/www.colombianitos.org\/en\/wp-json\/wp\/v2\/posts\/11888\/revisions\/11898"}],"wp:featuredmedia":[{"embeddable":true,"href":"https:\/\/www.colombianitos.org\/en\/wp-json\/wp\/v2\/media\/11889"}],"wp:attachment":[{"href":"https:\/\/www.colombianitos.org\/en\/wp-json\/wp\/v2\/media?parent=11888"}],"wp:term":[{"taxonomy":"category","embeddable":true,"href":"https:\/\/www.colombianitos.org\/en\/wp-json\/wp\/v2\/categories?post=11888"},{"taxonomy":"post_tag","embeddable":true,"href":"https:\/\/www.colombianitos.org\/en\/wp-json\/wp\/v2\/tags?post=11888"}],"curies":[{"name":"wp","href":"https:\/\/api.w.org\/{rel}","templated":true}]}}