{"id":11706,"date":"2023-02-22T18:48:08","date_gmt":"2023-02-22T18:48:08","guid":{"rendered":"https:\/\/www.colombianitos.org\/?p=11706"},"modified":"2023-02-22T20:39:13","modified_gmt":"2023-02-22T20:39:13","slug":"fundacion-colombianitos-acompana-el-regreso-a-clases","status":"publish","type":"post","link":"https:\/\/www.colombianitos.org\/en\/fundacion-colombianitos-acompana-el-regreso-a-clases\/","title":{"rendered":"Fundaci\u00f3n Colombianitos acompa\u00f1a el regreso a clases"},"content":{"rendered":"<body>[et_pb_section fb_built=\u201d1\u2033 _builder_version=\u201d3.22\u2033 hover_enabled=\u201d0\u2033 da_disable_devices=\u201doff|off|off\u201d sticky_enabled=\u201d0\u2033 da_is_popup=\u201doff\u201d da_exit_intent=\u201doff\u201d da_has_close=\u201don\u201d da_alt_close=\u201doff\u201d da_dark_close=\u201doff\u201d da_not_modal=\u201don\u201d da_is_singular=\u201doff\u201d da_with_loader=\u201doff\u201d da_has_shadow=\u201don\u201d][et_pb_row _builder_version=\u201d3.25\u2033 background_size=\u201dinitial\u201d background_position=\u201dtop_left\u201d background_repeat=\u201drepeat\u201d hover_enabled=\u201d0\u2033 sticky_enabled=\u201d0\u2033][et_pb_column type=\u201d4_4\u2033 _builder_version=\u201d3.25\u2033 custom_padding=\u201d|||\u201d custom_padding__hover=\u201d|||\u201d][et_pb_text _builder_version=\u201d4.9.4\u2033 background_size=\u201dinitial\u201d background_position=\u201dtop_left\u201d background_repeat=\u201drepeat\u201d hover_enabled=\u201d0\u2033 sticky_enabled=\u201d0\u2033]<p>La Fundaci\u00f3n Colombianitos sigue comprometida con generar espacios de sana convivencia para los ni\u00f1os y ni\u00f1as en varias zonas del pa\u00eds, es por eso que de la mano del regreso a clases continuar\u00e1 trabajando en los colegios para garantizar espacios que mejoren su entorno educativo.<\/p>\n<p>La Fundaci\u00f3n continuar\u00e1 apoyando a todos nuestros ni\u00f1os, ni\u00f1as y adolescentes en su entorno escolar con nuestro proyecto de Plan Padrino en la localidad de Ciudad Bol\u00edvar y otras zonas como Puerto Tejada en Cauca.<\/p>\n<p>\u201cRetomaremos nuestras labores en diferentes colegios en zonas vulnerables del pa\u00eds para avanzar en la garant\u00eda de los derechos de los menores de edad, seguiremos usando las metodolog\u00edas propias de Colombianitos para promover la sana convivencia el aprovechamiento del tiempo libre y el trabajo para crear espacios con acceso digno a condiciones de higiene en las instituciones educativas en las que hacemos presencia\u201d, dijo Gladys Sanmiguel, directora de la fundaci\u00f3n.<\/p>\n<p>Sanmiguel manifest\u00f3 que en 2023 \u201ctendremos nuevos retos y buscaremos implementar m\u00e1s proyectos que beneficien a los estudiantes, buscando un acercamiento a todas sus problem\u00e1ticas y as\u00ed aportar las soluciones a los ni\u00f1os y ni\u00f1as y a sus comunidades\u201d.<\/p>\n<p>\u00a0<\/p>\n<p><\/p>\n<p>\u00a0<\/p>\n<p><!-- \/wp:post-content --><\/p>\n<p>\u00a0<\/p>\n<p><!-- \/wp:paragraph --><\/p>[\/et_pb_text][\/et_pb_column][\/et_pb_row][\/et_pb_section]<!-- \/wp:freeform --><\/body>","protected":false},"excerpt":{"rendered":"<p>La Fundaci\u00f3n Colombianitos sigue comprometida con generar espacios de sana convivencia para los ni\u00f1os y ni\u00f1as en varias zonas del pa\u00eds, es por eso que de la mano del regreso a clases continuar\u00e1 trabajando en los colegios para garantizar espacios que mejoren su entorno educativo. La Fundaci\u00f3n continuar\u00e1 apoyando a todos nuestros ni\u00f1os, ni\u00f1as y [&hellip;]<\/p>","protected":false},"author":4,"featured_media":11649,"comment_status":"open","ping_status":"open","sticky":false,"template":"","format":"standard","meta":{"nf_dc_page":"","_et_pb_use_builder":"on","_et_pb_old_content":"","_et_gb_content_width":"","om_disable_all_campaigns":false,"_monsterinsights_skip_tracking":false,"_monsterinsights_sitenote_active":false,"_monsterinsights_sitenote_note":"","_monsterinsights_sitenote_category":0,"_jetpack_memberships_contains_paid_content":false,"footnotes":""},"categories":[7],"tags":[],"class_list":["post-11706","post","type-post","status-publish","format-standard","has-post-thumbnail","hentry","category-noticias"],"aioseo_notices":[],"jetpack_featured_media_url":"https:\/\/i0.wp.com\/www.colombianitos.org\/wp-content\/uploads\/2023\/01\/WhatsApp-Image-2023-01-26-at-9.16.46-AM-2.jpeg?fit=1152%2C864&ssl=1","jetpack_sharing_enabled":true,"_links":{"self":[{"href":"https:\/\/www.colombianitos.org\/en\/wp-json\/wp\/v2\/posts\/11706","targetHints":{"allow":["GET"]}}],"collection":[{"href":"https:\/\/www.colombianitos.org\/en\/wp-json\/wp\/v2\/posts"}],"about":[{"href":"https:\/\/www.colombianitos.org\/en\/wp-json\/wp\/v2\/types\/post"}],"author":[{"embeddable":true,"href":"https:\/\/www.colombianitos.org\/en\/wp-json\/wp\/v2\/users\/4"}],"replies":[{"embeddable":true,"href":"https:\/\/www.colombianitos.org\/en\/wp-json\/wp\/v2\/comments?post=11706"}],"version-history":[{"count":5,"href":"https:\/\/www.colombianitos.org\/en\/wp-json\/wp\/v2\/posts\/11706\/revisions"}],"predecessor-version":[{"id":11733,"href":"https:\/\/www.colombianitos.org\/en\/wp-json\/wp\/v2\/posts\/11706\/revisions\/11733"}],"wp:featuredmedia":[{"embeddable":true,"href":"https:\/\/www.colombianitos.org\/en\/wp-json\/wp\/v2\/media\/11649"}],"wp:attachment":[{"href":"https:\/\/www.colombianitos.org\/en\/wp-json\/wp\/v2\/media?parent=11706"}],"wp:term":[{"taxonomy":"category","embeddable":true,"href":"https:\/\/www.colombianitos.org\/en\/wp-json\/wp\/v2\/categories?post=11706"},{"taxonomy":"post_tag","embeddable":true,"href":"https:\/\/www.colombianitos.org\/en\/wp-json\/wp\/v2\/tags?post=11706"}],"curies":[{"name":"wp","href":"https:\/\/api.w.org\/{rel}","templated":true}]}}