{"id":11200,"date":"2022-04-05T19:39:39","date_gmt":"2022-04-05T19:39:39","guid":{"rendered":"https:\/\/www.colombianitos.org\/?p=11200"},"modified":"2022-06-23T18:04:57","modified_gmt":"2022-06-23T18:04:57","slug":"gobierno-lanza-estrategia-para-la-proteccion-de-ninos-ninas-y-adolescentes-que-se-movilizan-en-bicicleta","status":"publish","type":"post","link":"https:\/\/www.colombianitos.org\/en\/gobierno-lanza-estrategia-para-la-proteccion-de-ninos-ninas-y-adolescentes-que-se-movilizan-en-bicicleta\/","title":{"rendered":"Government's new strategy to protect boys, girls and teens who use bikes as transportation."},"content":{"rendered":"<body><p>[et_pb_section fb_built=\u201d1\u2033 _builder_version=\u201d3.22\u2033 da_disable_devices=\u201doff|off|off\u201d da_is_popup=\u201doff\u201d da_exit_intent=\u201doff\u201d da_has_close=\u201don\u201d da_alt_close=\u201doff\u201d da_dark_close=\u201doff\u201d da_not_modal=\u201don\u201d da_is_singular=\u201doff\u201d da_with_loader=\u201doff\u201d da_has_shadow=\u201don\u201d][et_pb_row _builder_version=\u201d3.25\u2033 background_size=\u201dinitial\u201d background_position=\u201dtop_left\u201d background_repeat=\u201drepeat\u201d][et_pb_column type=\u201d4_4\u2033 _builder_version=\u201d3.25\u2033 custom_padding=\u201d|||\u201d custom_padding__hover=\u201d|||\u201d][et_pb_text _builder_version=\u201d4.9.4\u2033 background_size=\u201dinitial\u201d background_position=\u201dtop_left\u201d background_repeat=\u201drepeat\u201d]<\/p>\n<p><em>Informaci\u00f3n e imagen tomada de: www.icbf.gov.co<\/em><\/p>\n<p>El Ministerio de Transporte anunci\u00f3 el lanzamiento de \u2018Bicidestrezas\u2019 para ni\u00f1os, ni\u00f1as y adolescentes, una estrategia nacional que busca proteger a esta poblaci\u00f3n que hace uso de la bicicleta como medio de transporte para sus desplazamientos diarios, en particular para ir a sus centros educativos.<\/p>\n<p>El anuncio se hizo en el marco del IV Foro Internacional de Seguridad Vial Infantil (Fisevi), en el que participaron la primera dama de la naci\u00f3n, Mar\u00eda Juliana Ruiz Sandoval; la ministra de transporte, \u00c1ngela Mar\u00eda Orozco; la presidente de la Fundaci\u00f3n Gonzalo Rodr\u00edguez, Mar\u00eda Fernanda Rodr\u00edguez; el director de la Agencia Nacional de Seguridad Vial, Luis Lota; el Jefe de Seguridad y Movilidad en la Organizaci\u00f3n Mundial de la Salud, Nhan Tran; y la representante de la Organizaci\u00f3n Panamericana de la Salud, Gina Tambini.<\/p>\n<p>\u2018Bicidestrezas\u2019 para ni\u00f1os, ni\u00f1as y adolescentes, es una iniciativa que se enfocar\u00e1 en la mejora de las habilidades y conocimientos para promover la conducci\u00f3n segura de la bicicleta a nivel nacional, en particular, en los municipios donde se concentra la mayor morbilidad de menores de edad.<\/p>\n<p>El programa ya est\u00e1 siendo ejecutado por la Agencia Nacional de Seguridad Vial (ANSV) en 17 departamentos del pa\u00eds y est\u00e1 enfocado en particular a la poblaci\u00f3n adulta.<\/p>\n<p>En esta nueva etapa \u2018Bicidestrezas\u2019 tendr\u00e1 una inversi\u00f3n que supera los 7.000 millones de pesos, se desarrollar\u00e1 principalmente en colegios, juntas de acci\u00f3n comunal, barrios, escuelas deportivas, entre otros. Adem\u00e1s, contempla una duraci\u00f3n de siete meses, se implementar\u00e1 en 52 municipios del pa\u00eds y busca impactar a 24.000 ni\u00f1os, ni\u00f1as y adolescentes y 4.500 tutores, adultos que interact\u00faan con menores de edad a trav\u00e9s de la bicicleta.<\/p>\n<p>Cada participante recibir\u00e1 un \u2018kit\u2019 compuesto por un casco, luces frontales y traseras para la bici y un chaleco reflectivo, con el fin de mejorar su protecci\u00f3n al usar este medio de transporte.<\/p>\n<p>La Primera Dama resalt\u00f3 que la seguridad vial infantil no es solo un tema del Ministerio de Transporte, sino que se debe retomar la esencia del trabajo multisectorial. \u201cEs un compromiso de toda la sociedad\u201d, asegur\u00f3.<\/p>\n<p>En ese sentido, la ministra de Transporte se\u00f1al\u00f3 que \u201cgarantizar la vida en la v\u00eda de los ni\u00f1os, ni\u00f1as y adolescentes requiere esfuerzos del Gobierno, la sociedad civil, los educadores y, de manera general, de todos los actores viales\u201d.<\/p>\n<p>En el evento tambi\u00e9n se anunci\u00f3 la segunda versi\u00f3n de \u2018Universo Vial\u2019, estrategia con la que busca transmitir con l\u00fadicas, capacitaciones, socializaciones, con lenguaje adecuado, procesos importantes que van a generar una responsabilidad y un comportamiento individual y colectivo.<\/p>\n<p>En cuanto a las cifras de v\u00edctimas de menores de edad por siniestros viales se evidencia una reducci\u00f3n del 23% entre el a\u00f1o 2018 al 2020. Entre enero a junio de 2021, fallecieron en el pa\u00eds 96 menores de 15 a\u00f1os, 20 ni\u00f1os, ni\u00f1as y adolescentes m\u00e1s, frente al mismo per\u00edodo en el a\u00f1o 2020, un aumento del 32%, lo que debe prender una alerta para que Colombia se una y trabaje multisectorialmente con el prop\u00f3sito de salvaguardar y de llegar a la meta de 0 muertes en las v\u00edas p\u00fablicas.<\/p>\n<p>Por su parte, la Directora General del ICBF, Lina Arb\u00e9laez, destac\u00f3 que el instituto promueve la autonom\u00eda y protecci\u00f3n de la seguridad vial en el curso de vida: ni\u00f1os, ni\u00f1as, adolescentes y j\u00f3venes, mediante el fortalecimiento a los agentes educativos y padres de familia para que sean agentes protectores. \u201cBuscamos el empoderamiento de los ni\u00f1os y ni\u00f1as como gestores del cambio social y cultural: se trabaja con los adolescentes a trav\u00e9s de una red de j\u00f3venes por la seguridad vial en todo el pa\u00eds y con las familias como agentes educadores sobre la cultura ciudadana\u201d.<\/p>\n<p>\u00a0<\/p>\n<p>[\/et_pb_text][\/et_pb_column][\/et_pb_row][\/et_pb_section]<\/p>\n<\/body>","protected":false},"excerpt":{"rendered":"<p>Informaci\u00f3n e imagen tomada de: www.icbf.gov.co El Ministerio de Transporte anunci\u00f3 el lanzamiento de \u2018Bicidestrezas\u2019 para ni\u00f1os, ni\u00f1as y adolescentes, una estrategia nacional que busca proteger a esta poblaci\u00f3n que hace uso de la bicicleta como medio de transporte para sus desplazamientos diarios, en particular para ir a sus centros educativos. El anuncio se hizo [&hellip;]<\/p>","protected":false},"author":4,"featured_media":11203,"comment_status":"open","ping_status":"open","sticky":false,"template":"","format":"standard","meta":{"nf_dc_page":"","_et_pb_use_builder":"on","_et_pb_old_content":"","_et_gb_content_width":"","om_disable_all_campaigns":false,"_monsterinsights_skip_tracking":false,"_monsterinsights_sitenote_active":false,"_monsterinsights_sitenote_note":"","_monsterinsights_sitenote_category":0,"_jetpack_memberships_contains_paid_content":false,"footnotes":""},"categories":[55],"tags":[],"class_list":["post-11200","post","type-post","status-publish","format-standard","has-post-thumbnail","hentry","category-noticias-proteccion-infantil"],"aioseo_notices":[],"jetpack_featured_media_url":"https:\/\/i0.wp.com\/www.colombianitos.org\/wp-content\/uploads\/2022\/06\/WhatsApp-Image-2022-06-16-at-2.36.36-PM.jpeg?fit=928%2C619&ssl=1","jetpack_sharing_enabled":true,"_links":{"self":[{"href":"https:\/\/www.colombianitos.org\/en\/wp-json\/wp\/v2\/posts\/11200","targetHints":{"allow":["GET"]}}],"collection":[{"href":"https:\/\/www.colombianitos.org\/en\/wp-json\/wp\/v2\/posts"}],"about":[{"href":"https:\/\/www.colombianitos.org\/en\/wp-json\/wp\/v2\/types\/post"}],"author":[{"embeddable":true,"href":"https:\/\/www.colombianitos.org\/en\/wp-json\/wp\/v2\/users\/4"}],"replies":[{"embeddable":true,"href":"https:\/\/www.colombianitos.org\/en\/wp-json\/wp\/v2\/comments?post=11200"}],"version-history":[{"count":5,"href":"https:\/\/www.colombianitos.org\/en\/wp-json\/wp\/v2\/posts\/11200\/revisions"}],"predecessor-version":[{"id":11248,"href":"https:\/\/www.colombianitos.org\/en\/wp-json\/wp\/v2\/posts\/11200\/revisions\/11248"}],"wp:featuredmedia":[{"embeddable":true,"href":"https:\/\/www.colombianitos.org\/en\/wp-json\/wp\/v2\/media\/11203"}],"wp:attachment":[{"href":"https:\/\/www.colombianitos.org\/en\/wp-json\/wp\/v2\/media?parent=11200"}],"wp:term":[{"taxonomy":"category","embeddable":true,"href":"https:\/\/www.colombianitos.org\/en\/wp-json\/wp\/v2\/categories?post=11200"},{"taxonomy":"post_tag","embeddable":true,"href":"https:\/\/www.colombianitos.org\/en\/wp-json\/wp\/v2\/tags?post=11200"}],"curies":[{"name":"wp","href":"https:\/\/api.w.org\/{rel}","templated":true}]}}