{"id":11050,"date":"2022-03-01T02:18:48","date_gmt":"2022-03-01T02:18:48","guid":{"rendered":"https:\/\/www.colombianitos.org\/?p=11050"},"modified":"2022-05-09T16:35:19","modified_gmt":"2022-05-09T16:35:19","slug":"tiempo-con-corazon","status":"publish","type":"post","link":"https:\/\/www.colombianitos.org\/en\/tiempo-con-corazon\/","title":{"rendered":"Time with heart"},"content":{"rendered":"<body><p>[et_pb_section fb_built=\u201d1\u2033 _builder_version=\u201d4.9.4\u2033 _module_preset=\u201ddefault\u201d custom_padding=\u201d2px|||||\u201d da_disable_devices=\u201doff|off|off\u201d collapsed=\u201doff\u201d da_is_popup=\u201doff\u201d da_exit_intent=\u201doff\u201d da_has_close=\u201don\u201d da_alt_close=\u201doff\u201d da_dark_close=\u201doff\u201d da_not_modal=\u201don\u201d da_is_singular=\u201doff\u201d da_with_loader=\u201doff\u201d da_has_shadow=\u201don\u201d][et_pb_row column_structure=\u201d1_2,1_2\u2033 _builder_version=\u201d4.9.4\u2033 _module_preset=\u201ddefault\u201d custom_margin=\u201d-195px|auto||auto||\u201d custom_padding=\u201d6px||0px|||\u201d][et_pb_column type=\u201d1_2\u2033 _builder_version=\u201d4.9.4\u2033 _module_preset=\u201ddefault\u201d][et_pb_image src=\u201dhttps:\/\/www.colombianitos.org\/wp-content\/uploads\/2022\/05\/maxresdefault.jpg\u201d title_text=\u201dmaxresdefault\u201d _builder_version=\u201d4.9.4\u2033 _module_preset=\u201ddefault\u201d width=\u201d80%\u201d max_width=\u201d80%\u201d custom_margin=\u201d|||-80px||\u201d][\/et_pb_image][\/et_pb_column][et_pb_column type=\u201d1_2\u2033 _builder_version=\u201d4.9.4\u2033 _module_preset=\u201ddefault\u201d][\/et_pb_column][\/et_pb_row][et_pb_row _builder_version=\u201d4.9.4\u2033 _module_preset=\u201ddefault\u201d custom_margin=\u201d-10px|auto||auto||\u201d][et_pb_column type=\u201d4_4\u2033 _builder_version=\u201d4.9.4\u2033 _module_preset=\u201ddefault\u201d][et_pb_text _builder_version=\u201d4.9.4\u2033 _module_preset=\u201ddefault\u201d custom_margin=\u201d3px|||||\u201d]<\/p>\n<p>En compa\u00f1\u00eda de la Asociaci\u00f3n Damas Salesianas desarrollamos el proyecto \u2018Tiempo con coraz\u00f3n\u2019, que tiene como objetivo implementar nuestro curr\u00edculo de \u2018Convivencia y paz\u2019, para beneficiar a 80 ni\u00f1os, ni\u00f1as y adolescentes de la localidad de la Candelaria, en el centro de Bogot\u00e1.<\/p>\n<p>A trav\u00e9s del f\u00fatbol desarrollamos en los participantes competencias ciudadanas y habilidades para la vida, como autoconocimiento, comunicaci\u00f3n asertiva, empat\u00eda, manejo de emociones y de sentimientos, manejo de problemas y conflictos, pensamiento creativo, manejo de tensiones y estr\u00e9s, relaciones interpersonales, toma de decisiones y pensamientos cr\u00edtico.<\/p>\n<p>La iniciativa se lleva a cabo en las instalaciones del colegio Salesiano Le\u00f3n XIII y los menores de edad beneficiados provienen de los barrios aleda\u00f1os a la instituci\u00f3n educativa como el Guavio, Egipto, Las cruces, La Candelaria, Lourdes, El Roc\u00edo, Bel\u00e9n y Laches.<\/p>\n<p>[\/et_pb_text][\/et_pb_column][\/et_pb_row][\/et_pb_section][et_pb_section fb_built=\u201d1\u2033 _builder_version=\u201d4.9.4\u2033 _module_preset=\u201ddefault\u201d custom_margin=\u201d-37px|||||\u201d custom_padding=\u201d||0px|||\u201d da_disable_devices=\u201doff|off|off\u201d da_is_popup=\u201doff\u201d da_exit_intent=\u201doff\u201d da_has_close=\u201don\u201d da_alt_close=\u201doff\u201d da_dark_close=\u201doff\u201d da_not_modal=\u201don\u201d da_is_singular=\u201doff\u201d da_with_loader=\u201doff\u201d da_has_shadow=\u201don\u201d][et_pb_row _builder_version=\u201d4.9.4\u2033 _module_preset=\u201ddefault\u201d custom_margin=\u201d-46px|auto||auto||\u201d custom_padding=\u201d2px|||||\u201d][et_pb_column type=\u201d4_4\u2033 _builder_version=\u201d4.9.4\u2033 _module_preset=\u201ddefault\u201d][dica_divi_carousel show_items_desktop=\u201d1\u2033 show_items_tablet=\u201d1\u2033 multislide=\u201don\u201d centermode=\u201don\u201d autoplay=\u201don\u201d hoverpause=\u201don\u201d arrow_nav=\u201don\u201d advanced_effect=\u201d1\u2033 _builder_version=\u201d4.9.4\u2033 _module_preset=\u201ddefault\u201d][dica_divi_carouselitem button_url_new_window=\u201d1\u2033 image=\u201dhttps:\/\/www.colombianitos.org\/wp-content\/uploads\/2022\/05\/WhatsApp-Image-2022-03-23-at-3.43.46-PM.jpeg\u201d _builder_version=\u201d4.9.4\u2033 _module_preset=\u201ddefault\u201d][\/dica_divi_carouselitem][dica_divi_carouselitem button_url_new_window=\u201d1\u2033 image=\u201dhttps:\/\/www.colombianitos.org\/wp-content\/uploads\/2022\/05\/WhatsApp-Image-2022-03-23-at-3.43.43-PM.jpeg\u201d _builder_version=\u201d4.9.4\u2033 _module_preset=\u201ddefault\u201d][\/dica_divi_carouselitem][dica_divi_carouselitem button_url_new_window=\u201d1\u2033 image=\u201dhttps:\/\/www.colombianitos.org\/wp-content\/uploads\/2022\/05\/WhatsApp-Image-2022-03-23-at-3.43.40-PM.jpeg\u201d _builder_version=\u201d4.9.4\u2033 _module_preset=\u201ddefault\u201d][\/dica_divi_carouselitem][dica_divi_carouselitem button_url_new_window=\u201d1\u2033 image=\u201dhttps:\/\/www.colombianitos.org\/wp-content\/uploads\/2022\/05\/WhatsApp-Image-2022-03-23-at-3.43.33-PM.jpeg\u201d _builder_version=\u201d4.9.4\u2033 _module_preset=\u201ddefault\u201d][\/dica_divi_carouselitem][dica_divi_carouselitem button_url_new_window=\u201d1\u2033 image=\u201dhttps:\/\/www.colombianitos.org\/wp-content\/uploads\/2022\/05\/WhatsApp-Image-2022-03-23-at-3.43.26-PM.jpeg\u201d _builder_version=\u201d4.9.4\u2033 _module_preset=\u201ddefault\u201d][\/dica_divi_carouselitem][dica_divi_carouselitem button_url_new_window=\u201d1\u2033 image=\u201dhttps:\/\/www.colombianitos.org\/wp-content\/uploads\/2022\/05\/WhatsApp-Image-2022-03-23-at-3.25.49-PM.jpeg\u201d _builder_version=\u201d4.9.4\u2033 _module_preset=\u201ddefault\u201d][\/dica_divi_carouselitem][dica_divi_carouselitem button_url_new_window=\u201d1\u2033 image=\u201dhttps:\/\/www.colombianitos.org\/wp-content\/uploads\/2022\/05\/WhatsApp-Image-2022-03-23-at-3.44.00-PM.jpeg\u201d _builder_version=\u201d4.9.4\u2033 _module_preset=\u201ddefault\u201d][\/dica_divi_carouselitem][\/dica_divi_carousel][\/et_pb_column][\/et_pb_row][\/et_pb_section]<\/p>\n<\/body>","protected":false},"excerpt":{"rendered":"<p>En compa\u00f1\u00eda de la Asociaci\u00f3n Damas Salesianas desarrollamos el proyecto \u2018Tiempo con coraz\u00f3n\u2019, que tiene como objetivo implementar nuestro curr\u00edculo de \u2018Convivencia y paz\u2019, para beneficiar a 80 ni\u00f1os, ni\u00f1as y adolescentes de la localidad de la Candelaria, en el centro de Bogot\u00e1. A trav\u00e9s del f\u00fatbol desarrollamos en los participantes competencias ciudadanas y habilidades [&hellip;]<\/p>","protected":false},"author":4,"featured_media":11059,"comment_status":"open","ping_status":"open","sticky":false,"template":"","format":"standard","meta":{"nf_dc_page":"","_et_pb_use_builder":"on","_et_pb_old_content":"","_et_gb_content_width":"","om_disable_all_campaigns":false,"_monsterinsights_skip_tracking":false,"_monsterinsights_sitenote_active":false,"_monsterinsights_sitenote_note":"","_monsterinsights_sitenote_category":0,"_jetpack_memberships_contains_paid_content":false,"footnotes":""},"categories":[9,12],"tags":[],"class_list":["post-11050","post","type-post","status-publish","format-standard","has-post-thumbnail","hentry","category-proyectos","category-proyectos-destacados"],"aioseo_notices":[],"jetpack_featured_media_url":"https:\/\/i0.wp.com\/www.colombianitos.org\/wp-content\/uploads\/2022\/05\/WhatsApp-Image-2022-03-23-at-3.43.26-PM-e1652062982807.jpeg?fit=960%2C398&ssl=1","jetpack_sharing_enabled":true,"_links":{"self":[{"href":"https:\/\/www.colombianitos.org\/en\/wp-json\/wp\/v2\/posts\/11050","targetHints":{"allow":["GET"]}}],"collection":[{"href":"https:\/\/www.colombianitos.org\/en\/wp-json\/wp\/v2\/posts"}],"about":[{"href":"https:\/\/www.colombianitos.org\/en\/wp-json\/wp\/v2\/types\/post"}],"author":[{"embeddable":true,"href":"https:\/\/www.colombianitos.org\/en\/wp-json\/wp\/v2\/users\/4"}],"replies":[{"embeddable":true,"href":"https:\/\/www.colombianitos.org\/en\/wp-json\/wp\/v2\/comments?post=11050"}],"version-history":[{"count":5,"href":"https:\/\/www.colombianitos.org\/en\/wp-json\/wp\/v2\/posts\/11050\/revisions"}],"predecessor-version":[{"id":11071,"href":"https:\/\/www.colombianitos.org\/en\/wp-json\/wp\/v2\/posts\/11050\/revisions\/11071"}],"wp:featuredmedia":[{"embeddable":true,"href":"https:\/\/www.colombianitos.org\/en\/wp-json\/wp\/v2\/media\/11059"}],"wp:attachment":[{"href":"https:\/\/www.colombianitos.org\/en\/wp-json\/wp\/v2\/media?parent=11050"}],"wp:term":[{"taxonomy":"category","embeddable":true,"href":"https:\/\/www.colombianitos.org\/en\/wp-json\/wp\/v2\/categories?post=11050"},{"taxonomy":"post_tag","embeddable":true,"href":"https:\/\/www.colombianitos.org\/en\/wp-json\/wp\/v2\/tags?post=11050"}],"curies":[{"name":"wp","href":"https:\/\/api.w.org\/{rel}","templated":true}]}}